{"id":5733,"count":1,"description":"","link":"https:\/\/jornalnovametropole.com.br\/wp\/tag\/prefeito-nilson-gaspar-se-reune-com-padres-da-forania-sao-jose-de-anchieta\/","name":"Prefeito Nilson Gaspar se re\u00fane com padres da Forania S\u00e3o Jos\u00e9 de Anchieta","slug":"prefeito-nilson-gaspar-se-reune-com-padres-da-forania-sao-jose-de-anchieta","taxonomy":"post_tag","meta":[],"_links":{"self":[{"href":"https:\/\/jornalnovametropole.com.br\/wp\/wp-json\/wp\/v2\/tags\/5733"}],"collection":[{"href":"https:\/\/jornalnovametropole.com.br\/wp\/wp-json\/wp\/v2\/tags"}],"about":[{"href":"https:\/\/jornalnovametropole.com.br\/wp\/wp-json\/wp\/v2\/taxonomies\/post_tag"}],"wp:post_type":[{"href":"https:\/\/jornalnovametropole.com.br\/wp\/wp-json\/wp\/v2\/posts?tags=5733"}],"curies":[{"name":"wp","href":"https:\/\/api.w.org\/{rel}","templated":true}]}}