{"id":5500,"count":1,"description":"","link":"https:\/\/jornalnovametropole.com.br\/wp\/tag\/aberto-periodo-para-isencao-de-taxa-e-justificativa-para-o-enem-2020\/","name":"Aberto per\u00edodo para isen\u00e7\u00e3o de taxa e justificativa para o Enem 2020","slug":"aberto-periodo-para-isencao-de-taxa-e-justificativa-para-o-enem-2020","taxonomy":"post_tag","meta":[],"_links":{"self":[{"href":"https:\/\/jornalnovametropole.com.br\/wp\/wp-json\/wp\/v2\/tags\/5500"}],"collection":[{"href":"https:\/\/jornalnovametropole.com.br\/wp\/wp-json\/wp\/v2\/tags"}],"about":[{"href":"https:\/\/jornalnovametropole.com.br\/wp\/wp-json\/wp\/v2\/taxonomies\/post_tag"}],"wp:post_type":[{"href":"https:\/\/jornalnovametropole.com.br\/wp\/wp-json\/wp\/v2\/posts?tags=5500"}],"curies":[{"name":"wp","href":"https:\/\/api.w.org\/{rel}","templated":true}]}}