{"id":5208,"count":1,"description":"","link":"https:\/\/jornalnovametropole.com.br\/wp\/tag\/fundacao-pro-memoria-divulga-programacao-especial-de-ferias\/","name":"Funda\u00e7\u00e3o Pr\u00f3-Mem\u00f3ria divulga programa\u00e7\u00e3o especial de f\u00e9rias","slug":"fundacao-pro-memoria-divulga-programacao-especial-de-ferias","taxonomy":"post_tag","meta":[],"_links":{"self":[{"href":"https:\/\/jornalnovametropole.com.br\/wp\/wp-json\/wp\/v2\/tags\/5208"}],"collection":[{"href":"https:\/\/jornalnovametropole.com.br\/wp\/wp-json\/wp\/v2\/tags"}],"about":[{"href":"https:\/\/jornalnovametropole.com.br\/wp\/wp-json\/wp\/v2\/taxonomies\/post_tag"}],"wp:post_type":[{"href":"https:\/\/jornalnovametropole.com.br\/wp\/wp-json\/wp\/v2\/posts?tags=5208"}],"curies":[{"name":"wp","href":"https:\/\/api.w.org\/{rel}","templated":true}]}}