{"id":4731,"count":1,"description":"","link":"https:\/\/jornalnovametropole.com.br\/wp\/tag\/pro-memoria-exibe-sessao-de-filme-e-debate-acerca-da-violencia-contra-a-mulher\/","name":"Pr\u00f3-Mem\u00f3ria exibe sess\u00e3o de filme e debate acerca da viol\u00eancia contra a mulher","slug":"pro-memoria-exibe-sessao-de-filme-e-debate-acerca-da-violencia-contra-a-mulher","taxonomy":"post_tag","meta":[],"_links":{"self":[{"href":"https:\/\/jornalnovametropole.com.br\/wp\/wp-json\/wp\/v2\/tags\/4731"}],"collection":[{"href":"https:\/\/jornalnovametropole.com.br\/wp\/wp-json\/wp\/v2\/tags"}],"about":[{"href":"https:\/\/jornalnovametropole.com.br\/wp\/wp-json\/wp\/v2\/taxonomies\/post_tag"}],"wp:post_type":[{"href":"https:\/\/jornalnovametropole.com.br\/wp\/wp-json\/wp\/v2\/posts?tags=4731"}],"curies":[{"name":"wp","href":"https:\/\/api.w.org\/{rel}","templated":true}]}}