{"id":1860,"count":1,"description":"","link":"https:\/\/jornalnovametropole.com.br\/wp\/tag\/historia-a-fundacao-pro-memoria-de-indaiatuba\/","name":"hist\u00f3ria A Funda\u00e7\u00e3o Pr\u00f3-Mem\u00f3ria de Indaiatuba","slug":"historia-a-fundacao-pro-memoria-de-indaiatuba","taxonomy":"post_tag","meta":[],"_links":{"self":[{"href":"https:\/\/jornalnovametropole.com.br\/wp\/wp-json\/wp\/v2\/tags\/1860"}],"collection":[{"href":"https:\/\/jornalnovametropole.com.br\/wp\/wp-json\/wp\/v2\/tags"}],"about":[{"href":"https:\/\/jornalnovametropole.com.br\/wp\/wp-json\/wp\/v2\/taxonomies\/post_tag"}],"wp:post_type":[{"href":"https:\/\/jornalnovametropole.com.br\/wp\/wp-json\/wp\/v2\/posts?tags=1860"}],"curies":[{"name":"wp","href":"https:\/\/api.w.org\/{rel}","templated":true}]}}