{"id":9947,"date":"2016-09-24T03:38:49","date_gmt":"2016-09-24T03:38:49","guid":{"rendered":"http:\/\/jornalnovametropole.com.br\/wp\/?p=9947"},"modified":"2016-09-23T19:41:51","modified_gmt":"2016-09-23T19:41:51","slug":"condicoes-do-clima-mexem-com-a-saude-e-as-emocoes","status":"publish","type":"post","link":"https:\/\/jornalnovametropole.com.br\/wp\/condicoes-do-clima-mexem-com-a-saude-e-as-emocoes\/","title":{"rendered":"Condi\u00e7\u00f5es do clima mexem com a sa\u00fade e as emo\u00e7\u00f5es"},"content":{"rendered":"<h3>Dias chuvosos e frios favorecem dor f\u00edsica e isolamento social<\/h3>\n<figure id=\"attachment_9948\" aria-describedby=\"caption-attachment-9948\" style=\"width: 900px\" class=\"wp-caption alignnone\"><a href=\"http:\/\/jornalnovametropole.com.br\/wp\/wp-content\/uploads\/2016\/09\/26-Clima-2.jpg\"><img loading=\"lazy\" class=\"size-full wp-image-9948\" src=\"http:\/\/jornalnovametropole.com.br\/wp\/wp-content\/uploads\/2016\/09\/26-Clima-2.jpg\" alt=\"texto: Ramon Tadeu\/infoglobo\" width=\"900\" height=\"600\" srcset=\"https:\/\/jornalnovametropole.com.br\/wp\/wp-content\/uploads\/2016\/09\/26-Clima-2.jpg 900w, https:\/\/jornalnovametropole.com.br\/wp\/wp-content\/uploads\/2016\/09\/26-Clima-2-300x200.jpg 300w\" sizes=\"(max-width: 900px) 100vw, 900px\" \/><\/a><figcaption id=\"caption-attachment-9948\" class=\"wp-caption-text\">texto: Ramon Tadeu\/infoglobo<\/figcaption><\/figure>\n<p>As condi\u00e7\u00f5es meteorol\u00f3gicas exercem uma grande influ\u00eancia sobre o corpo humano. Foi o que concluiu um grupo de cientistas da Universidade de Manchester, no Reino Unido, que verificaram o aumento da dor cr\u00f4nica em dias chuvosos e sem sol. O tempo tamb\u00e9m pode provocar altera\u00e7\u00e3o nas emo\u00e7\u00f5es, apontam especialistas, que relacionam o tempo nublado e frio a rea\u00e7\u00f5es de isolamento social e tristeza.<br \/>\nPara entender a rela\u00e7\u00e3o entre o clima e as dores cr\u00f4nicas, os pesquisadores brit\u00e2nicos coletaram informa\u00e7\u00f5es de milhares de volunt\u00e1rios que mantinham um registro di\u00e1rio de suas dores. O estudo durou 18 meses e apontou que, quando aumentava o n\u00famero de dias ensolarados, a dura\u00e7\u00e3o de dores severas relatadas diminu\u00eda. E aumentava quando o tempo tornava-se mais \u00famido e com menos horas de sol.<br \/>\nA exposi\u00e7\u00e3o \u00e0 luz do sol estimula a produ\u00e7\u00e3o de subst\u00e2ncias respons\u00e1veis pelo bom humor, como a serotonina e a dopamina, explica a psic\u00f3loga e presidente da Solace Institute, Paula Emerick, explica: \u201cem dias mais quentes, luminosos e longos, as pessoas t\u00eam mais \u00e2nimo para sair e interagir. Estimula-se, assim, o conv\u00edvio social\u201d.<br \/>\nJ\u00e1 em dias escuros e com temperatura baixa, as rea\u00e7\u00f5es mais t\u00edpicas s\u00e3o de hiberna\u00e7\u00e3o e isolamento social maior.<br \/>\n\u201cEm dias assim, a possibilidade de surgirem mais facilmente momentos de tristeza e solid\u00e3o aumenta, podendo se converter at\u00e9 no que chamamos de depress\u00e3o sazonal.\u201d &#8211; diz Paula.<\/p>\n<p><a href=\"http:\/\/jornalnovametropole.com.br\/wp\/wp-content\/uploads\/2016\/09\/26-Clima.jpg\"><img loading=\"lazy\" class=\"alignnone size-full wp-image-9949\" src=\"http:\/\/jornalnovametropole.com.br\/wp\/wp-content\/uploads\/2016\/09\/26-Clima.jpg\" alt=\"26-clima\" width=\"802\" height=\"900\" srcset=\"https:\/\/jornalnovametropole.com.br\/wp\/wp-content\/uploads\/2016\/09\/26-Clima.jpg 802w, https:\/\/jornalnovametropole.com.br\/wp\/wp-content\/uploads\/2016\/09\/26-Clima-267x300.jpg 267w\" sizes=\"(max-width: 802px) 100vw, 802px\" \/><\/a><\/p>\n<p>Aplicativo ajuda estudo<\/p>\n<p>Os cientistas da Universidade de Manchester, utilizaram um aplicativo de telefone celular para que os 9 mil volunt\u00e1rios brit\u00e2nicos relatassem diariamente como se sentiam e sofriam com algum tipo de dor. O dispositivo cruzou os dados com as condi\u00e7\u00f5es clim\u00e1ticas da regi\u00e3o em que estava cada participante. Os volunt\u00e1rios eram moradores das cidades de Leeds, Norwich e Londres.<br \/>\nAl\u00e9m das conclus\u00f5es \u00e0s quais a pesquisa chegou, especialistas em psicolgia lembram que existe tamb\u00e9m uma condi\u00e7\u00e3o \u00e0 qual as pessoas est\u00e3o sujeitas em fun\u00e7\u00e3o da mudan\u00e7a de esta\u00e7\u00e3o: a depress\u00e3o sazonal.<br \/>\nAs caracter\u00edsticas comuns de quem sofre disso s\u00e3o: o aumento de horas de sono, a mudan\u00e7a no apetite e a altera\u00e7\u00e3o de humor. Nas mulheres, os sintomas tendem a piorar em fun\u00e7\u00e3o da tens\u00e3o pr\u00e9-menstrual.<\/p>\n<p>alguns cuidados para n\u00e3o<br \/>\nter tempo ruim<\/p>\n<p>1 Beba bastante \u00e1gua: Quando a umidade relativa do ar est\u00e1 baixa, o cuidado b\u00e1sico e que deve ser tomado por todos, em especial idosos e crian\u00e7as, \u00e9 hidratar o corpo, bebendo bastante \u00e1gua.<\/p>\n<p>2 Mantenha a casa limpa: Quanto mais seco o clima, mais poeira no ar, aumentando a incid\u00eancia de doen\u00e7as respirat\u00f3rias provocadas por \u00e1caros e fungos.<\/p>\n<p>3 sono mais fresquinho: O ideal \u00e9 dormir em local arejado e umedecido. Os ambientes podem ser umidificados com toalhas molhadas, reservat\u00f3rios de \u00e1gua e at\u00e9 umidificadores.<\/p>\n<p>4 Lubrifique os olhos: Para evitar a secura e a irrita\u00e7\u00e3o do olhos, o soro fisiol\u00f3gico \u00e9 uma \u00f3tima op\u00e7\u00e3o. Use col\u00edrios apenas com a prescri\u00e7\u00e3o de um especialista.<\/p>\n<p>5 Cuide da pele: Para deixar a pele bonita, \u00e9 preciso lambuzar o corpo com hidratantes e filtros solares, evitar banhos quentes e demorados, al\u00e9m de minimizar o uso de sabonetes em barra, que s\u00e3o mais agressivos, e buchas.<\/p>\n<p>6 prepare-se: Comece uma adapta\u00e7\u00e3o, principalmente psicol\u00f3gica, para a mudan\u00e7a de esta\u00e7\u00f5es.<\/p>\n<p>entrevista<\/p>\n<p>Qual a rela\u00e7\u00e3o do clima com o corpo humano?<br \/>\nO meio ambiente tem uma conex\u00e3o direta com as pessoas. Somos seres homeot\u00e9rmicos, ou seja, nossa temperatura normal varia entre 36 e 37 graus. Qualquer coisa fora disso \u00e9 desconfort\u00e1vel.<\/p>\n<p>O tempo chuvoso sempre \u00e9 negativo?<br \/>\nH\u00e1 pessoas que gostam da chuva e do frio. Elas associam ao aconchego, \u00e0 fam\u00edlia e \u00e0s boas lembran\u00e7as.<\/p>\n<p>E quem precisa trabalhar \u00e0 noite?<br \/>\nN\u00f3s fomos biologicamente programados para dormir \u00e0 noite. O natural \u00e9 que o organismo fique desregulado, em desequil\u00edbrio. Al\u00e9m disso, o sol \u00e9 um poderoso rem\u00e9dio natural.<\/p>\n<p>Quais as consequ\u00eancias de ficar acordado \u00e0 noite?<br \/>\nFadiga, sonol\u00eancia de dia, deficit de aten\u00e7\u00e3o, de mem\u00f3ria e racioc\u00ednio, al\u00e9m de predisposi\u00e7\u00e3o a problemas cardiovasculares e metab\u00f3licos.<\/p>\n","protected":false},"excerpt":{"rendered":"<p>Dias chuvosos e frios favorecem dor f\u00edsica e isolamento social As condi\u00e7\u00f5es meteorol\u00f3gicas exercem uma grande influ\u00eancia sobre o corpo<\/p>\n","protected":false},"author":2,"featured_media":9948,"comment_status":"open","ping_status":"open","sticky":false,"template":"","format":"standard","meta":[],"categories":[5],"tags":[],"_links":{"self":[{"href":"https:\/\/jornalnovametropole.com.br\/wp\/wp-json\/wp\/v2\/posts\/9947"}],"collection":[{"href":"https:\/\/jornalnovametropole.com.br\/wp\/wp-json\/wp\/v2\/posts"}],"about":[{"href":"https:\/\/jornalnovametropole.com.br\/wp\/wp-json\/wp\/v2\/types\/post"}],"author":[{"embeddable":true,"href":"https:\/\/jornalnovametropole.com.br\/wp\/wp-json\/wp\/v2\/users\/2"}],"replies":[{"embeddable":true,"href":"https:\/\/jornalnovametropole.com.br\/wp\/wp-json\/wp\/v2\/comments?post=9947"}],"version-history":[{"count":1,"href":"https:\/\/jornalnovametropole.com.br\/wp\/wp-json\/wp\/v2\/posts\/9947\/revisions"}],"predecessor-version":[{"id":9950,"href":"https:\/\/jornalnovametropole.com.br\/wp\/wp-json\/wp\/v2\/posts\/9947\/revisions\/9950"}],"wp:featuredmedia":[{"embeddable":true,"href":"https:\/\/jornalnovametropole.com.br\/wp\/wp-json\/wp\/v2\/media\/9948"}],"wp:attachment":[{"href":"https:\/\/jornalnovametropole.com.br\/wp\/wp-json\/wp\/v2\/media?parent=9947"}],"wp:term":[{"taxonomy":"category","embeddable":true,"href":"https:\/\/jornalnovametropole.com.br\/wp\/wp-json\/wp\/v2\/categories?post=9947"},{"taxonomy":"post_tag","embeddable":true,"href":"https:\/\/jornalnovametropole.com.br\/wp\/wp-json\/wp\/v2\/tags?post=9947"}],"curies":[{"name":"wp","href":"https:\/\/api.w.org\/{rel}","templated":true}]}}