{"id":9708,"date":"2016-09-12T11:35:16","date_gmt":"2016-09-12T11:35:16","guid":{"rendered":"http:\/\/jornalnovametropole.com.br\/wp\/?p=9708"},"modified":"2016-09-12T11:35:16","modified_gmt":"2016-09-12T11:35:16","slug":"curto-e-moderno","status":"publish","type":"post","link":"https:\/\/jornalnovametropole.com.br\/wp\/curto-e-moderno\/","title":{"rendered":"Curto e moderno"},"content":{"rendered":"<h3>A inspira\u00e7\u00e3o da semana \u00e9 a atriz Solange Couto<\/h3>\n<figure id=\"attachment_9709\" aria-describedby=\"caption-attachment-9709\" style=\"width: 900px\" class=\"wp-caption alignnone\"><a href=\"http:\/\/jornalnovametropole.com.br\/wp\/wp-content\/uploads\/2016\/09\/20-Beleza-2.jpg\"><img loading=\"lazy\" class=\"size-full wp-image-9709\" src=\"http:\/\/jornalnovametropole.com.br\/wp\/wp-content\/uploads\/2016\/09\/20-Beleza-2.jpg\" alt=\"fotos: DIVULGA\u00c7\u00c3O\/espa\u00e7o juliana paes niter\u00f3i | Carol Caminha\/Gshow \" width=\"900\" height=\"837\" srcset=\"https:\/\/jornalnovametropole.com.br\/wp\/wp-content\/uploads\/2016\/09\/20-Beleza-2.jpg 900w, https:\/\/jornalnovametropole.com.br\/wp\/wp-content\/uploads\/2016\/09\/20-Beleza-2-300x279.jpg 300w\" sizes=\"(max-width: 900px) 100vw, 900px\" \/><\/a><figcaption id=\"caption-attachment-9709\" class=\"wp-caption-text\">fotos: DIVULGA\u00c7\u00c3O\/espa\u00e7o juliana paes niter\u00f3i | Carol Caminha\/Gshow<\/figcaption><\/figure>\n<p>A atriz Solange Couto estreou no domingo (4) na Dan\u00e7a dos Famosos, do \u2018Doming\u00e3o do Faust\u00e3o\u2019. E j\u00e1 inspira com seu novo visual: curto, cacheado e moderno. Para quem quiser aderir ao look, a cabeleireira Helo\u00edsa Freitas, do Espa\u00e7o Juliana Paes-Niter\u00f3i, d\u00e1 dicas: \u201c\u00e9 necess\u00e1rio maior cuidado para que ele n\u00e3o resseque. Os cabelos cacheados precisam ser hidratados com mais frequ\u00eancia, pois a oleosidade n\u00e3o se distribui igualmente.\u201d &#8211; diz a profissional.<br \/>\nQuem investiu no visual foi a antrop\u00f3loga M\u00f4nica Dias, que adorou o resultado: \u201ctodos est\u00e3o falando que esse cabelo tem tudo a ver comigo e pretendo deix\u00e1-lo assim por um bom tempo.\u201d &#8211; afirmou M\u00f4nica, toda satisfeita.<\/p>\n<p><a href=\"http:\/\/jornalnovametropole.com.br\/wp\/wp-content\/uploads\/2016\/09\/NM100916_20.jpg\"><img loading=\"lazy\" class=\"alignnone size-full wp-image-9710\" src=\"http:\/\/jornalnovametropole.com.br\/wp\/wp-content\/uploads\/2016\/09\/NM100916_20.jpg\" alt=\"nm100916_20\" width=\"900\" height=\"343\" srcset=\"https:\/\/jornalnovametropole.com.br\/wp\/wp-content\/uploads\/2016\/09\/NM100916_20.jpg 900w, https:\/\/jornalnovametropole.com.br\/wp\/wp-content\/uploads\/2016\/09\/NM100916_20-300x114.jpg 300w\" sizes=\"(max-width: 900px) 100vw, 900px\" \/><\/a><\/p>\n","protected":false},"excerpt":{"rendered":"<p>A inspira\u00e7\u00e3o da semana \u00e9 a atriz Solange Couto A atriz Solange Couto estreou no domingo (4) na Dan\u00e7a dos<\/p>\n","protected":false},"author":2,"featured_media":9709,"comment_status":"open","ping_status":"open","sticky":false,"template":"","format":"standard","meta":[],"categories":[231],"tags":[1659],"_links":{"self":[{"href":"https:\/\/jornalnovametropole.com.br\/wp\/wp-json\/wp\/v2\/posts\/9708"}],"collection":[{"href":"https:\/\/jornalnovametropole.com.br\/wp\/wp-json\/wp\/v2\/posts"}],"about":[{"href":"https:\/\/jornalnovametropole.com.br\/wp\/wp-json\/wp\/v2\/types\/post"}],"author":[{"embeddable":true,"href":"https:\/\/jornalnovametropole.com.br\/wp\/wp-json\/wp\/v2\/users\/2"}],"replies":[{"embeddable":true,"href":"https:\/\/jornalnovametropole.com.br\/wp\/wp-json\/wp\/v2\/comments?post=9708"}],"version-history":[{"count":1,"href":"https:\/\/jornalnovametropole.com.br\/wp\/wp-json\/wp\/v2\/posts\/9708\/revisions"}],"predecessor-version":[{"id":9711,"href":"https:\/\/jornalnovametropole.com.br\/wp\/wp-json\/wp\/v2\/posts\/9708\/revisions\/9711"}],"wp:featuredmedia":[{"embeddable":true,"href":"https:\/\/jornalnovametropole.com.br\/wp\/wp-json\/wp\/v2\/media\/9709"}],"wp:attachment":[{"href":"https:\/\/jornalnovametropole.com.br\/wp\/wp-json\/wp\/v2\/media?parent=9708"}],"wp:term":[{"taxonomy":"category","embeddable":true,"href":"https:\/\/jornalnovametropole.com.br\/wp\/wp-json\/wp\/v2\/categories?post=9708"},{"taxonomy":"post_tag","embeddable":true,"href":"https:\/\/jornalnovametropole.com.br\/wp\/wp-json\/wp\/v2\/tags?post=9708"}],"curies":[{"name":"wp","href":"https:\/\/api.w.org\/{rel}","templated":true}]}}