{"id":9586,"date":"2016-08-27T08:03:55","date_gmt":"2016-08-27T08:03:55","guid":{"rendered":"http:\/\/jornalnovametropole.com.br\/wp\/?p=9586"},"modified":"2016-08-26T19:05:22","modified_gmt":"2016-08-26T19:05:22","slug":"beneficiarios-do-inss-recebem-1a-parcela-13o-salario","status":"publish","type":"post","link":"https:\/\/jornalnovametropole.com.br\/wp\/beneficiarios-do-inss-recebem-1a-parcela-13o-salario\/","title":{"rendered":"Benefici\u00e1rios do INSS recebem 1\u00aa parcela 13\u00ba sal\u00e1rio"},"content":{"rendered":"<h3>Pagamentos ser\u00e3o feitos at\u00e9 dia 8 de setembro<\/h3>\n<figure id=\"attachment_9587\" aria-describedby=\"caption-attachment-9587\" style=\"width: 900px\" class=\"wp-caption alignnone\"><a href=\"http:\/\/jornalnovametropole.com.br\/wp\/wp-content\/uploads\/2016\/08\/04-INSS.jpg\"><img loading=\"lazy\" class=\"size-full wp-image-9587\" src=\"http:\/\/jornalnovametropole.com.br\/wp\/wp-content\/uploads\/2016\/08\/04-INSS.jpg\" alt=\"Tem direito ao d\u00e9cimo terceiro quem recebeu, durante o ano, benef\u00edcio previdenci\u00e1rio como aposentadoria, pens\u00e3o por morte texto: ag\u00eancia brasil | foto: Antonio Cruz\/Ag\u00eancia Brasil\" width=\"900\" height=\"602\" srcset=\"https:\/\/jornalnovametropole.com.br\/wp\/wp-content\/uploads\/2016\/08\/04-INSS.jpg 900w, https:\/\/jornalnovametropole.com.br\/wp\/wp-content\/uploads\/2016\/08\/04-INSS-300x201.jpg 300w\" sizes=\"(max-width: 900px) 100vw, 900px\" \/><\/a><figcaption id=\"caption-attachment-9587\" class=\"wp-caption-text\">Tem direito ao d\u00e9cimo terceiro quem recebeu, durante o ano, benef\u00edcio previdenci\u00e1rio como aposentadoria, pens\u00e3o por morte<br \/>texto: ag\u00eancia brasil | foto: Antonio Cruz\/Ag\u00eancia Brasil<\/figcaption><\/figure>\n<p>Os benefici\u00e1rios do Instituto Nacional do Seguro Social (INSS) que recebem um sal\u00e1rio m\u00ednimo e t\u00eam cart\u00e3o com final 1, desconsiderando-se o d\u00edgito, come\u00e7aram a receber na quinta-feira (25) a primeira parcela do d\u00e9cimo terceiro sal\u00e1rio.<br \/>\nTem direito ao d\u00e9cimo terceiro quem recebeu, durante o ano, benef\u00edcio previdenci\u00e1rio como aposentadoria, pens\u00e3o por morte, aux\u00edlio-doen\u00e7a, aux\u00edlio-acidente, aux\u00edlio-reclus\u00e3o ou sal\u00e1rio-maternidade.<br \/>\nOs pagamentos ser\u00e3o feitos at\u00e9 o dia 8 de setembro. A segunda parcela ser\u00e1 paga em novembro.<br \/>\nOs benefici\u00e1rios do INSS chegaram a ter a antecipa\u00e7\u00e3o do benef\u00edcio amea\u00e7ada pelo ajuste fiscal, mas ap\u00f3s negocia\u00e7\u00f5es com centrais sindicais e associa\u00e7\u00f5es de aposentados e pensionistas, o ministro-chefe da Casa Civil, Eliseu Padilha, anunciou, no fim de junho, que o adiantamento estaria garantido.<br \/>\nA antecipa\u00e7\u00e3o de 50% do d\u00e9cimo terceiro sal\u00e1rio aos benefici\u00e1rios do INSS \u00e9 feita desde 2006.<\/p>\n","protected":false},"excerpt":{"rendered":"<p>Pagamentos ser\u00e3o feitos at\u00e9 dia 8 de setembro Os benefici\u00e1rios do Instituto Nacional do Seguro Social (INSS) que recebem um<\/p>\n","protected":false},"author":2,"featured_media":9587,"comment_status":"open","ping_status":"open","sticky":false,"template":"","format":"standard","meta":[],"categories":[3],"tags":[1070],"_links":{"self":[{"href":"https:\/\/jornalnovametropole.com.br\/wp\/wp-json\/wp\/v2\/posts\/9586"}],"collection":[{"href":"https:\/\/jornalnovametropole.com.br\/wp\/wp-json\/wp\/v2\/posts"}],"about":[{"href":"https:\/\/jornalnovametropole.com.br\/wp\/wp-json\/wp\/v2\/types\/post"}],"author":[{"embeddable":true,"href":"https:\/\/jornalnovametropole.com.br\/wp\/wp-json\/wp\/v2\/users\/2"}],"replies":[{"embeddable":true,"href":"https:\/\/jornalnovametropole.com.br\/wp\/wp-json\/wp\/v2\/comments?post=9586"}],"version-history":[{"count":1,"href":"https:\/\/jornalnovametropole.com.br\/wp\/wp-json\/wp\/v2\/posts\/9586\/revisions"}],"predecessor-version":[{"id":9588,"href":"https:\/\/jornalnovametropole.com.br\/wp\/wp-json\/wp\/v2\/posts\/9586\/revisions\/9588"}],"wp:featuredmedia":[{"embeddable":true,"href":"https:\/\/jornalnovametropole.com.br\/wp\/wp-json\/wp\/v2\/media\/9587"}],"wp:attachment":[{"href":"https:\/\/jornalnovametropole.com.br\/wp\/wp-json\/wp\/v2\/media?parent=9586"}],"wp:term":[{"taxonomy":"category","embeddable":true,"href":"https:\/\/jornalnovametropole.com.br\/wp\/wp-json\/wp\/v2\/categories?post=9586"},{"taxonomy":"post_tag","embeddable":true,"href":"https:\/\/jornalnovametropole.com.br\/wp\/wp-json\/wp\/v2\/tags?post=9586"}],"curies":[{"name":"wp","href":"https:\/\/api.w.org\/{rel}","templated":true}]}}