{"id":9124,"date":"2016-07-30T06:27:52","date_gmt":"2016-07-30T06:27:52","guid":{"rendered":"http:\/\/jornalnovametropole.com.br\/wp\/?p=9124"},"modified":"2016-07-29T19:28:32","modified_gmt":"2016-07-29T19:28:32","slug":"dialogando-sobre-o-outro-lado-da-depressao","status":"publish","type":"post","link":"https:\/\/jornalnovametropole.com.br\/wp\/dialogando-sobre-o-outro-lado-da-depressao\/","title":{"rendered":"DIALOGANDO SOBRE: O OUTRO LADO DA DEPRESS\u00c3O"},"content":{"rendered":"<p>Ana Laura Moraes<br \/>\nPsic\u00f3loga<br \/>\nCRP 06\/90890<\/p>\n<p>Sempre se imaginou uma pessoa deprimida como aquela que quase n\u00e3o sai de casa, chora constantemente e, \u00e0s vezes, sem motivo aparente, carrega uma express\u00e3o triste e a imagem de algu\u00e9m que n\u00e3o cuida de sua apar\u00eancia. Mas a depress\u00e3o pode aparecer n\u00e3o s\u00f3 como apatia e tristeza, mas como irritabilidade.<br \/>\nOs principais sinais s\u00e3o: mau humor, falta de paci\u00eancia, baixa toler\u00e2ncia, desaten\u00e7\u00e3o, inquietude, dores f\u00edsicas, oscila\u00e7\u00e3o de humor, explos\u00f5es de raiva, insatisfa\u00e7\u00e3o.<br \/>\nS\u00e3o pessoas que cumprem suas tarefas do cotidiano, por\u00e9m de forma negativa e sem significado; reclamam de tudo constantemente, como se nada estivesse bom ou favor\u00e1vel.<br \/>\nSuas rela\u00e7\u00f5es ficam marcadas pela insatisfa\u00e7\u00e3o e a comunica\u00e7\u00e3o acontece em um tom agressivo ou indiferente, al\u00e9m de estarem sempre se queixando de dores e da falta de solu\u00e7\u00e3o para seus problemas.<br \/>\nA quest\u00e3o mais importante \u00e9, se esses sintomas est\u00e3o aparecendo, isso significa que h\u00e1 algo que n\u00e3o est\u00e1 em harmonia em sua vida, serve como um indicador de que n\u00e3o est\u00e1 mais suportando os conflitos.<br \/>\nDesta forma, a psicoterapia \u00e9 indicada, a fim de promover a percep\u00e7\u00e3o e compreens\u00e3o dos conflitos internos do paciente, tornando poss\u00edvel seu desenvolvimento emocional.<br \/>\nEncontre o texto completo em: http:\/\/www.clinicaraia.com.br\/blog\/<\/p>\n","protected":false},"excerpt":{"rendered":"<p>Ana Laura Moraes Psic\u00f3loga CRP 06\/90890 Sempre se imaginou uma pessoa deprimida como aquela que quase n\u00e3o sai de casa,<\/p>\n","protected":false},"author":2,"featured_media":0,"comment_status":"open","ping_status":"open","sticky":false,"template":"","format":"standard","meta":[],"categories":[5],"tags":[1972,1971],"_links":{"self":[{"href":"https:\/\/jornalnovametropole.com.br\/wp\/wp-json\/wp\/v2\/posts\/9124"}],"collection":[{"href":"https:\/\/jornalnovametropole.com.br\/wp\/wp-json\/wp\/v2\/posts"}],"about":[{"href":"https:\/\/jornalnovametropole.com.br\/wp\/wp-json\/wp\/v2\/types\/post"}],"author":[{"embeddable":true,"href":"https:\/\/jornalnovametropole.com.br\/wp\/wp-json\/wp\/v2\/users\/2"}],"replies":[{"embeddable":true,"href":"https:\/\/jornalnovametropole.com.br\/wp\/wp-json\/wp\/v2\/comments?post=9124"}],"version-history":[{"count":1,"href":"https:\/\/jornalnovametropole.com.br\/wp\/wp-json\/wp\/v2\/posts\/9124\/revisions"}],"predecessor-version":[{"id":9125,"href":"https:\/\/jornalnovametropole.com.br\/wp\/wp-json\/wp\/v2\/posts\/9124\/revisions\/9125"}],"wp:attachment":[{"href":"https:\/\/jornalnovametropole.com.br\/wp\/wp-json\/wp\/v2\/media?parent=9124"}],"wp:term":[{"taxonomy":"category","embeddable":true,"href":"https:\/\/jornalnovametropole.com.br\/wp\/wp-json\/wp\/v2\/categories?post=9124"},{"taxonomy":"post_tag","embeddable":true,"href":"https:\/\/jornalnovametropole.com.br\/wp\/wp-json\/wp\/v2\/tags?post=9124"}],"curies":[{"name":"wp","href":"https:\/\/api.w.org\/{rel}","templated":true}]}}