{"id":8756,"date":"2016-07-04T11:26:10","date_gmt":"2016-07-04T11:26:10","guid":{"rendered":"http:\/\/jornalnovametropole.com.br\/wp\/?p=8756"},"modified":"2016-07-04T11:26:10","modified_gmt":"2016-07-04T11:26:10","slug":"lancamento-oficial-em-indaiatuba-fiscalizasp","status":"publish","type":"post","link":"https:\/\/jornalnovametropole.com.br\/wp\/lancamento-oficial-em-indaiatuba-fiscalizasp\/","title":{"rendered":"Lan\u00e7amento Oficial  em Indaiatuba &#8211; FiscalizaSP"},"content":{"rendered":"<h3>Senador participa de evento na C\u00e2mara Municipal<\/h3>\n<figure id=\"attachment_8757\" aria-describedby=\"caption-attachment-8757\" style=\"width: 756px\" class=\"wp-caption alignnone\"><a href=\"http:\/\/jornalnovametropole.com.br\/wp\/wp-content\/uploads\/2016\/07\/06-senador.jpg\"><img loading=\"lazy\" class=\"size-full wp-image-8757\" src=\"http:\/\/jornalnovametropole.com.br\/wp\/wp-content\/uploads\/2016\/07\/06-senador.jpg\" alt=\"Uma a\u00e7\u00e3o de cidadania que prop\u00f5e analisar os gastos p\u00fablicos, com a presen\u00e7a do senador Jo\u00e3o Capiberibe (PSB) divulga\u00e7\u00e3o\/ RosE Parra  - ACS\/CMI\" width=\"756\" height=\"378\" srcset=\"https:\/\/jornalnovametropole.com.br\/wp\/wp-content\/uploads\/2016\/07\/06-senador.jpg 756w, https:\/\/jornalnovametropole.com.br\/wp\/wp-content\/uploads\/2016\/07\/06-senador-300x150.jpg 300w\" sizes=\"(max-width: 756px) 100vw, 756px\" \/><\/a><figcaption id=\"caption-attachment-8757\" class=\"wp-caption-text\">Uma a\u00e7\u00e3o de cidadania que prop\u00f5e analisar os gastos p\u00fablicos, com a presen\u00e7a do senador Jo\u00e3o Capiberibe (PSB)<br \/>divulga\u00e7\u00e3o\/ RosE Parra &#8211; ACS\/CMI<\/figcaption><\/figure>\n<p>Na quinta-feira, dia 7, ser\u00e1 lan\u00e7ado, em Indaiatuba, o FiscalizaSP, uma a\u00e7\u00e3o de cidadania que prop\u00f5e analisar os gastos p\u00fablicos, com a presen\u00e7a do senador Jo\u00e3o Capiberibe (PSB). O evento acontece no Plenarinho da C\u00e2mara, a partir das 19h, e \u00e9 organizado pelo vereador Bruno Ganem (PV). O evento \u00e9 aberto ao p\u00fablico.<br \/>\nCapiberibe \u00e9 autor da Lei Complementar 131\/2009, conhecida co-<br \/>\nmo a \u2018Lei da Transpar\u00eancia\u2019, uma ferramenta para exercer o efetivo controle social dos impostos pagos pela popula\u00e7\u00e3o. O parlamentar vem a Indaiatuba para ressaltar a import\u00e2ncia da sociedade se organizar para acompanhar, pelos portais de transpar\u00eancia, o que os governantes fazem com impostos e taxas.<br \/>\nDe acordo com Ganem, a a\u00e7\u00e3o de fiscalizar os gastos p\u00fablicos \u00e9 importante porque isso faz com que se aumente a efici\u00eancia, na forma como o dinheiro \u00e9 aplicado \u2013 tanto em termos de lisura dos processos quanto \u00e0s escolhas administrativas. \u201cUma vez que as pessoas sabem quais as escolhas que os governos est\u00e3o fazendo, elas t\u00eam mais condi\u00e7\u00f5es de opinar com rela\u00e7\u00e3o ao que gostariam que recebesse maior investimento\u201d, avalia.<br \/>\nDesde que entrou em vigor, a \u2018Lei da Transpar\u00eancia\u2019 obrigou os \u00f3rg\u00e3os p\u00fablicos dos munic\u00edpios, estados, Distrito Federal e Uni\u00e3o, dos Poderes Executivo, Legislativo e Judici\u00e1rio, a criarem portais de transpar\u00eancia, onde publicam suas contas detalhadas. Foi da\u00ed que surgiu o movimento #FiscalizaBr, que possibilitou \u00e0 popula\u00e7\u00e3o, independentemente de partido pol\u00edtico, classe social ou religi\u00e3o, analisar e freiar a corrup\u00e7\u00e3o. \u201cA corrup\u00e7\u00e3o corr\u00f3i a efici\u00eancia de uma cidade, de um estado, e isso tem um custo enorme. \u00c9 importante que exista essa transpar\u00eancia porque isso faz com que produzamos mais, o que gera servi\u00e7os melhores e, ao mesmo tempo, permite que o dinheiro p\u00fablico seja melhor empenhado\u201d, aponta Ganem.<\/p>\n<p><a href=\"http:\/\/jornalnovametropole.com.br\/wp\/wp-content\/uploads\/2016\/07\/06-Bruno-Ganen.jpg\"><img loading=\"lazy\" class=\"alignnone size-full wp-image-8758\" src=\"http:\/\/jornalnovametropole.com.br\/wp\/wp-content\/uploads\/2016\/07\/06-Bruno-Ganen.jpg\" alt=\"06---Bruno-Ganen\" width=\"899\" height=\"600\" srcset=\"https:\/\/jornalnovametropole.com.br\/wp\/wp-content\/uploads\/2016\/07\/06-Bruno-Ganen.jpg 899w, https:\/\/jornalnovametropole.com.br\/wp\/wp-content\/uploads\/2016\/07\/06-Bruno-Ganen-300x200.jpg 300w\" sizes=\"(max-width: 899px) 100vw, 899px\" \/><\/a><\/p>\n","protected":false},"excerpt":{"rendered":"<p>Senador participa de evento na C\u00e2mara Municipal Na quinta-feira, dia 7, ser\u00e1 lan\u00e7ado, em Indaiatuba, o FiscalizaSP, uma a\u00e7\u00e3o de<\/p>\n","protected":false},"author":2,"featured_media":8757,"comment_status":"open","ping_status":"open","sticky":false,"template":"","format":"standard","meta":[],"categories":[3],"tags":[1903],"_links":{"self":[{"href":"https:\/\/jornalnovametropole.com.br\/wp\/wp-json\/wp\/v2\/posts\/8756"}],"collection":[{"href":"https:\/\/jornalnovametropole.com.br\/wp\/wp-json\/wp\/v2\/posts"}],"about":[{"href":"https:\/\/jornalnovametropole.com.br\/wp\/wp-json\/wp\/v2\/types\/post"}],"author":[{"embeddable":true,"href":"https:\/\/jornalnovametropole.com.br\/wp\/wp-json\/wp\/v2\/users\/2"}],"replies":[{"embeddable":true,"href":"https:\/\/jornalnovametropole.com.br\/wp\/wp-json\/wp\/v2\/comments?post=8756"}],"version-history":[{"count":1,"href":"https:\/\/jornalnovametropole.com.br\/wp\/wp-json\/wp\/v2\/posts\/8756\/revisions"}],"predecessor-version":[{"id":8759,"href":"https:\/\/jornalnovametropole.com.br\/wp\/wp-json\/wp\/v2\/posts\/8756\/revisions\/8759"}],"wp:featuredmedia":[{"embeddable":true,"href":"https:\/\/jornalnovametropole.com.br\/wp\/wp-json\/wp\/v2\/media\/8757"}],"wp:attachment":[{"href":"https:\/\/jornalnovametropole.com.br\/wp\/wp-json\/wp\/v2\/media?parent=8756"}],"wp:term":[{"taxonomy":"category","embeddable":true,"href":"https:\/\/jornalnovametropole.com.br\/wp\/wp-json\/wp\/v2\/categories?post=8756"},{"taxonomy":"post_tag","embeddable":true,"href":"https:\/\/jornalnovametropole.com.br\/wp\/wp-json\/wp\/v2\/tags?post=8756"}],"curies":[{"name":"wp","href":"https:\/\/api.w.org\/{rel}","templated":true}]}}