{"id":8633,"date":"2016-06-28T12:43:05","date_gmt":"2016-06-28T12:43:05","guid":{"rendered":"http:\/\/jornalnovametropole.com.br\/wp\/?p=8633"},"modified":"2016-06-28T12:43:05","modified_gmt":"2016-06-28T12:43:05","slug":"h1n1-e-gripes-levam-a-doencas-secundarias","status":"publish","type":"post","link":"https:\/\/jornalnovametropole.com.br\/wp\/h1n1-e-gripes-levam-a-doencas-secundarias\/","title":{"rendered":"H1N1 e gripes levam a doen\u00e7as secund\u00e1rias"},"content":{"rendered":"<h3>Pneumonia, otite e sinusite podem vir a reboque<\/h3>\n<p>A preocupa\u00e7\u00e3o com a \u2018temporada de gripes\u2019 come\u00e7a a rondar as casas na nova esta\u00e7\u00e3o. Principalmente, com os quadros mais severos, como H1N1, que podem levar a doen\u00e7as secund\u00e1rias, com consequ\u00eancias graves. A mais comum \u00e9 a pneumonia, mas \u00e9 poss\u00edvel tamb\u00e9m que gripes fortes acarretem casos de otite e sinusite, al\u00e9m de agravarem asma, insufici\u00eancia card\u00edaca e diabetes.<br \/>\nAs doen\u00e7as secund\u00e1rias podem ocorrer porque as gripes severas desregulam o metabolismo e reduzem a imunidade, segundo o infectologista do Hospital Oeste D\u2019Or, Paulo Santos.<br \/>\n\u201cNo caso das complica\u00e7\u00f5es respirat\u00f3rias, a inflama\u00e7\u00e3o das vias nasais tamb\u00e9m \u00e9 um fator causal\u201d, explica o m\u00e9dico, lembrando que crian\u00e7as de at\u00e9 2 anos, idosos e portadores de doen\u00e7as cr\u00f4nicas est\u00e3o mais propensos ao agravamento do<br \/>\nquadro.<br \/>\nEm geral, as doen\u00e7as secund\u00e1rias come\u00e7am a se manifestar de sete a dez dias ap\u00f3s o cont\u00e1gio da gripe, de acordo com o m\u00e9dico intensivista M\u00e1rcio Vi\u00e7oso, coordenador do CTI do Hospital Municipal Evandro Freire, na Ilha do Governador.<br \/>\nPara evitar que isso aconte\u00e7a, \u00e9 importante beber muita \u00e1gua e lavar bem as m\u00e3os. Se os sintomas de outras doen\u00e7as come\u00e7arem a aparecer, ser\u00e1 preciso fazer avalia\u00e7\u00e3o m\u00e9dica.<br \/>\nA transmiss\u00e3o de gripes e resfriados se d\u00e1 principalmente pela dissemina\u00e7\u00e3o de got\u00edculas que a pessoa infectada expele quando fala, tosse ou espirra. Superf\u00edcies e objetos infectados em ambientes frequentados por muitas pessoas, como escolas, empresas e transportes coletivos, tamb\u00e9m propiciam a contamina\u00e7\u00e3o.<\/p>\n<p><a href=\"http:\/\/jornalnovametropole.com.br\/wp\/wp-content\/uploads\/2016\/06\/08-Inverno.jpg\"><img loading=\"lazy\" class=\"alignnone size-full wp-image-8634\" src=\"http:\/\/jornalnovametropole.com.br\/wp\/wp-content\/uploads\/2016\/06\/08-Inverno.jpg\" alt=\"08---Inverno\" width=\"784\" height=\"600\" srcset=\"https:\/\/jornalnovametropole.com.br\/wp\/wp-content\/uploads\/2016\/06\/08-Inverno.jpg 784w, https:\/\/jornalnovametropole.com.br\/wp\/wp-content\/uploads\/2016\/06\/08-Inverno-300x230.jpg 300w\" sizes=\"(max-width: 784px) 100vw, 784px\" \/><\/a><\/p>\n<p>Aten\u00e7\u00e3o aOs riscos da automedica\u00e7\u00e3o<\/p>\n<p>O inverno come\u00e7ou oficialmente na segunda-feira (20), mas o frio veio um pouco antes e j\u00e1 vem causando o crescimento das doen\u00e7as respirat\u00f3rias. A esta\u00e7\u00e3o mais fria do ano traz com ela baixa umidade, resfriamento do ar, prolifera\u00e7\u00e3o de v\u00edrus e um perigoso aumento de automedica\u00e7\u00e3o.<br \/>\n\u201cQuando aparece uma dor de cabe\u00e7a ou um resfriado, n\u00e3o vamos ao m\u00e9dico, vamos \u00e0 farm\u00e1cia\u201d, diz o cl\u00ednico geral Luiz Roberto Fernandes.<br \/>\nO m\u00e9dico ressalta que a automedica\u00e7\u00e3o n\u00e3o \u00e9 proibida, o problema \u00e9 o uso excessivo.<br \/>\nNo inverno, doen\u00e7as, como gripe, resfriado, rinite, sinusite e bronquite triplicam, segundo a Organiza\u00e7\u00e3o Mundial da Sa\u00fade (OMS). Somando a falta de informa\u00e7\u00e3o \u00e0 precariedade dos servi\u00e7os p\u00fablicos, o resultado \u00e9 que tr\u00eas em cada quatro brasileiros se automedicam. Os principais rem\u00e9dios usados em automedica\u00e7\u00e3o, s\u00e3o os antit\u00e9rmicos, analg\u00e9sicos, anti-inflamat\u00f3rios e xaropes para tosse .<br \/>\nO chefe da cl\u00ednica m\u00e9dica do Hospital Rios D\u2019Or, Mauro Castanharo, ressaltou que um dos principais riscos \u00e9 o diagn\u00f3stico tardio.<br \/>\n\u201cAs pessoas postergam \u00e0 procura pelo m\u00e9dico. E isso pode adiar o diagn\u00f3stico de doen\u00e7as mais<br \/>\ngraves\u201d.<br \/>\nOs profissionais ressaltam que a vacina\u00e7\u00e3o e simples cuidados com a higiene evitam doen\u00e7as.<\/p>\n<p>RISCOS<br \/>\nAnalg\u00e9sicos e anti-inflamat\u00f3rios: os analg\u00e9sicos s\u00e3o usados para dores leves e moderadas, como a dor de cabe\u00e7a. Os anti-inflamat\u00f3rios combatem dores decorrentes de inflama\u00e7\u00f5es. O uso indiscriminado pode agravar problemas g\u00e1stricos, ter a\u00e7\u00e3o anticoagulante, provocar hemorragias, prejudicar pacientes com problema card\u00edaco ou renal e agravar a hipertens\u00e3o.<br \/>\nantit\u00e9rmicos: Os antit\u00e9rmicos s\u00e3o usados para diminuir e estabilizar a temperatura do corpo. Pessoas com rea\u00e7\u00e3o al\u00e9rgica, ao usar o antit\u00e9rmico, podem sofrer edemas (incha\u00e7o) da glote, impedindo a passagem de ar para os pulm\u00f5es, e<br \/>\ncoceira.<br \/>\nDescongestionante nasal: usado quando o nariz entope, o descongestionante usado constantemente pode causar taquicardia, eleva\u00e7\u00e3o da press\u00e3o arterial, depend\u00eancia e rinite medicamentosa.<\/p>\n","protected":false},"excerpt":{"rendered":"<p>Pneumonia, otite e sinusite podem vir a reboque A preocupa\u00e7\u00e3o com a \u2018temporada de gripes\u2019 come\u00e7a a rondar as casas<\/p>\n","protected":false},"author":2,"featured_media":8634,"comment_status":"open","ping_status":"open","sticky":false,"template":"","format":"standard","meta":[],"categories":[3],"tags":[1599,782],"_links":{"self":[{"href":"https:\/\/jornalnovametropole.com.br\/wp\/wp-json\/wp\/v2\/posts\/8633"}],"collection":[{"href":"https:\/\/jornalnovametropole.com.br\/wp\/wp-json\/wp\/v2\/posts"}],"about":[{"href":"https:\/\/jornalnovametropole.com.br\/wp\/wp-json\/wp\/v2\/types\/post"}],"author":[{"embeddable":true,"href":"https:\/\/jornalnovametropole.com.br\/wp\/wp-json\/wp\/v2\/users\/2"}],"replies":[{"embeddable":true,"href":"https:\/\/jornalnovametropole.com.br\/wp\/wp-json\/wp\/v2\/comments?post=8633"}],"version-history":[{"count":1,"href":"https:\/\/jornalnovametropole.com.br\/wp\/wp-json\/wp\/v2\/posts\/8633\/revisions"}],"predecessor-version":[{"id":8635,"href":"https:\/\/jornalnovametropole.com.br\/wp\/wp-json\/wp\/v2\/posts\/8633\/revisions\/8635"}],"wp:featuredmedia":[{"embeddable":true,"href":"https:\/\/jornalnovametropole.com.br\/wp\/wp-json\/wp\/v2\/media\/8634"}],"wp:attachment":[{"href":"https:\/\/jornalnovametropole.com.br\/wp\/wp-json\/wp\/v2\/media?parent=8633"}],"wp:term":[{"taxonomy":"category","embeddable":true,"href":"https:\/\/jornalnovametropole.com.br\/wp\/wp-json\/wp\/v2\/categories?post=8633"},{"taxonomy":"post_tag","embeddable":true,"href":"https:\/\/jornalnovametropole.com.br\/wp\/wp-json\/wp\/v2\/tags?post=8633"}],"curies":[{"name":"wp","href":"https:\/\/api.w.org\/{rel}","templated":true}]}}