{"id":8615,"date":"2016-06-28T12:01:57","date_gmt":"2016-06-28T12:01:57","guid":{"rendered":"http:\/\/jornalnovametropole.com.br\/wp\/?p=8615"},"modified":"2016-06-28T12:01:57","modified_gmt":"2016-06-28T12:01:57","slug":"historia","status":"publish","type":"post","link":"https:\/\/jornalnovametropole.com.br\/wp\/historia\/","title":{"rendered":"Hist\u00f3ria"},"content":{"rendered":"<figure id=\"attachment_8616\" aria-describedby=\"caption-attachment-8616\" style=\"width: 903px\" class=\"wp-caption alignnone\"><a href=\"http:\/\/jornalnovametropole.com.br\/wp\/wp-content\/uploads\/2016\/06\/14-nota1.jpg\"><img loading=\"lazy\" class=\"size-full wp-image-8616\" src=\"http:\/\/jornalnovametropole.com.br\/wp\/wp-content\/uploads\/2016\/06\/14-nota1.jpg\" alt=\"foto:Lais Fernandes \u2013 SCS\/PMI\" width=\"903\" height=\"600\" srcset=\"https:\/\/jornalnovametropole.com.br\/wp\/wp-content\/uploads\/2016\/06\/14-nota1.jpg 903w, https:\/\/jornalnovametropole.com.br\/wp\/wp-content\/uploads\/2016\/06\/14-nota1-300x199.jpg 300w\" sizes=\"(max-width: 903px) 100vw, 903px\" \/><\/a><figcaption id=\"caption-attachment-8616\" class=\"wp-caption-text\">foto:Lais Fernandes \u2013 SCS\/PMI<\/figcaption><\/figure>\n<p>A Funda\u00e7\u00e3o Pr\u00f3-Mem\u00f3ria de Indaiatuba est\u00e1 com a Campanha de recolhimento de documentos e objetos sobre a hist\u00f3ria de Indaiatuba. A a\u00e7\u00e3o \u00e9 em parceria com a Secretaria Municipal de Educa\u00e7\u00e3o. O objetivo \u00e9 contribuir ainda mais para o entendimento da hist\u00f3ria da cidade e da participa\u00e7\u00e3o dos mais diversificados grupos na compreens\u00e3o de sua forma\u00e7\u00e3o hist\u00f3rica e cultural. \u201cAssim, o recolhimento de objetos e documentos visa abarcar impreterivelmente as seguintes linhas: Hist\u00f3ria da contribui\u00e7\u00e3o Afro-descendente em Indaiatuba; Hist\u00f3ria da contribui\u00e7\u00e3o Ind\u00edgena em Indaiatuba; Hist\u00f3ria da contribui\u00e7\u00e3o dos Migrantes e Imigrantes em Indaiatuba\u201d, comenta o superintendente da Funda\u00e7\u00e3o, Carlos Gustavo N\u00f3brega de Jesus. As doa\u00e7\u00f5es poder\u00e3o ser feitas por qualquer cidad\u00e3o at\u00e9 o dia 31 de agosto de 2016 no Casar\u00e3o Pau Preto e no Arquivo P\u00fablico Municipal \u2018Nilson Cardoso de Carvalho\u2019.<\/p>\n","protected":false},"excerpt":{"rendered":"<p>A Funda\u00e7\u00e3o Pr\u00f3-Mem\u00f3ria de Indaiatuba est\u00e1 com a Campanha de recolhimento de documentos e objetos sobre a hist\u00f3ria de Indaiatuba.<\/p>\n","protected":false},"author":2,"featured_media":8616,"comment_status":"open","ping_status":"open","sticky":false,"template":"","format":"standard","meta":[],"categories":[5],"tags":[1242,1860],"_links":{"self":[{"href":"https:\/\/jornalnovametropole.com.br\/wp\/wp-json\/wp\/v2\/posts\/8615"}],"collection":[{"href":"https:\/\/jornalnovametropole.com.br\/wp\/wp-json\/wp\/v2\/posts"}],"about":[{"href":"https:\/\/jornalnovametropole.com.br\/wp\/wp-json\/wp\/v2\/types\/post"}],"author":[{"embeddable":true,"href":"https:\/\/jornalnovametropole.com.br\/wp\/wp-json\/wp\/v2\/users\/2"}],"replies":[{"embeddable":true,"href":"https:\/\/jornalnovametropole.com.br\/wp\/wp-json\/wp\/v2\/comments?post=8615"}],"version-history":[{"count":1,"href":"https:\/\/jornalnovametropole.com.br\/wp\/wp-json\/wp\/v2\/posts\/8615\/revisions"}],"predecessor-version":[{"id":8617,"href":"https:\/\/jornalnovametropole.com.br\/wp\/wp-json\/wp\/v2\/posts\/8615\/revisions\/8617"}],"wp:featuredmedia":[{"embeddable":true,"href":"https:\/\/jornalnovametropole.com.br\/wp\/wp-json\/wp\/v2\/media\/8616"}],"wp:attachment":[{"href":"https:\/\/jornalnovametropole.com.br\/wp\/wp-json\/wp\/v2\/media?parent=8615"}],"wp:term":[{"taxonomy":"category","embeddable":true,"href":"https:\/\/jornalnovametropole.com.br\/wp\/wp-json\/wp\/v2\/categories?post=8615"},{"taxonomy":"post_tag","embeddable":true,"href":"https:\/\/jornalnovametropole.com.br\/wp\/wp-json\/wp\/v2\/tags?post=8615"}],"curies":[{"name":"wp","href":"https:\/\/api.w.org\/{rel}","templated":true}]}}