{"id":8278,"date":"2016-06-06T12:34:54","date_gmt":"2016-06-06T12:34:54","guid":{"rendered":"http:\/\/jornalnovametropole.com.br\/wp\/?p=8278"},"modified":"2016-06-06T12:34:54","modified_gmt":"2016-06-06T12:34:54","slug":"parque-campo-bonito-e-jardim-colibris","status":"publish","type":"post","link":"https:\/\/jornalnovametropole.com.br\/wp\/parque-campo-bonito-e-jardim-colibris\/","title":{"rendered":"Parque Campo Bonito e Jardim Colibris"},"content":{"rendered":"<h3>Obras no trecho 1 devem ser conclu\u00eddas em julho<\/h3>\n<figure id=\"attachment_8279\" aria-describedby=\"caption-attachment-8279\" style=\"width: 900px\" class=\"wp-caption alignnone\"><a href=\"http:\/\/jornalnovametropole.com.br\/wp\/wp-content\/uploads\/2016\/06\/06-abre-3A-anel-vi\u00e1rio.jpg\"><img loading=\"lazy\" class=\"size-full wp-image-8279\" src=\"http:\/\/jornalnovametropole.com.br\/wp\/wp-content\/uploads\/2016\/06\/06-abre-3A-anel-vi\u00e1rio.jpg\" alt=\"A extens\u00e3o total da via ser\u00e1 de aproximadamente 13 quil\u00f4metros e abrange a regi\u00e3o do bairro Caldeira, Campo Bonito, Buru e estrada do Saltinho Eliandro Figueira  SCS\/PMI\" width=\"900\" height=\"600\" srcset=\"https:\/\/jornalnovametropole.com.br\/wp\/wp-content\/uploads\/2016\/06\/06-abre-3A-anel-vi\u00e1rio.jpg 900w, https:\/\/jornalnovametropole.com.br\/wp\/wp-content\/uploads\/2016\/06\/06-abre-3A-anel-vi\u00e1rio-300x200.jpg 300w\" sizes=\"(max-width: 900px) 100vw, 900px\" \/><\/a><figcaption id=\"caption-attachment-8279\" class=\"wp-caption-text\">A extens\u00e3o total da via ser\u00e1 de aproximadamente 13 quil\u00f4metros e abrange a regi\u00e3o do bairro Caldeira, Campo Bonito, Buru e estrada do Saltinho<br \/>Eliandro Figueira SCS\/PMI<\/figcaption><\/figure>\n<p>As obras no Trecho 1 do novo anel vi\u00e1rio de Indaiatuba j\u00e1 est\u00e3o com 80% dos servi\u00e7os conclu\u00eddos. Esse trecho, que interliga o Parque Campo Bonito e o Jardim Colibris com a avenida Manoel Ruz Peres, j\u00e1 est\u00e1 com 3 quil\u00f4metros de asfalto prontos.<br \/>\nOs trabalhos continuam na execu\u00e7\u00e3o do preparo da base em parte do antigo leito do Buru, o que est\u00e1 previsto para ser conclu\u00eddo na primeira quinzena de junho, e tamb\u00e9m na demarca\u00e7\u00e3o do dispositivo de interliga\u00e7\u00e3o entre a avenida nova do anel vi\u00e1rio com a Manoel Ruz Perez. No local ser\u00e1 constru\u00edda uma rotat\u00f3ria para possibilitar a comunica\u00e7\u00e3o entre os bairros existentes e ordenar o tr\u00e2nsito na regi\u00e3o.<br \/>\nAinda no Trecho 1 tamb\u00e9m existe uma frente de trabalho que realiza a terraplenagem sobre as aduelas pr\u00f3ximo ao muro do condom\u00ednio Lagos de Shanadu.<br \/>\nNo trecho 2, que liga o Jardins do Imp\u00e9rio ao Jardim Residencial Dona Lucilla, na avenida F\u00e1bio Ferraz Bicudo, cerca de 45% dos servi\u00e7os foram conclu\u00eddos. A construtora trabalha na finaliza\u00e7\u00e3o das obras de drenagem e j\u00e1 iniciou a terraplenagem, compacta\u00e7\u00e3o do solo e instala\u00e7\u00e3o de boca de lobo. Uma equipe tamb\u00e9m trabalha no in\u00edcio da coloca\u00e7\u00e3o das guias e sarjetas e, outra, na demarca\u00e7\u00e3o da rotat\u00f3ria de interliga\u00e7\u00e3o de tr\u00eas acessos pr\u00f3ximos ao Residencial Dona Lucilla.<br \/>\nOs dois trechos que ser\u00e3o pavimentados pela Prefeitura totalizam um pouco mais de cinco quil\u00f4metros. Na parte maior, que vai do Jardim dos Colibris at\u00e9 a Estrada do Buru, a via ter\u00e1 3.418,98 metros lineares. Do Jardins do Imp\u00e9rio at\u00e9 o Jardim Dona Lucilla ser\u00e3o mais 1.794,34 metros de avenida.<br \/>\nA extens\u00e3o total da via ser\u00e1 de aproximadamente 13 quil\u00f4metros e abrange a regi\u00e3o do bairro Caldeira, Campo Bonito, bairro Buru e estrada do Saltinho. Dentro do tra\u00e7ado existem empreendimentos que j\u00e1 pavimentaram o trecho da avenida que cabia a cada um deles.<br \/>\nA obra foi iniciada em julho de 2015 e a previs\u00e3o \u00e9 de que seja entregue no in\u00edcio do segundo semestre. O valor do investimento \u00e9 de R$ 13.775.680,01, com R$ 8.980.002,60 para o primeiro trecho, e R$ 4.795.677,41 para o segundo. Os recursos para a obra s\u00e3o provenientes de uma opera\u00e7\u00e3o de cr\u00e9dito entre a Prefeitura de Indaiatuba e a Ag\u00eancia de Fomento do Estado de S\u00e3o Paulo, autorizada pelo Minist\u00e9rio da Fazenda.<\/p>\n","protected":false},"excerpt":{"rendered":"<p>Obras no trecho 1 devem ser conclu\u00eddas em julho As obras no Trecho 1 do novo anel vi\u00e1rio de Indaiatuba<\/p>\n","protected":false},"author":2,"featured_media":8279,"comment_status":"open","ping_status":"open","sticky":false,"template":"","format":"standard","meta":[],"categories":[3],"tags":[1579],"_links":{"self":[{"href":"https:\/\/jornalnovametropole.com.br\/wp\/wp-json\/wp\/v2\/posts\/8278"}],"collection":[{"href":"https:\/\/jornalnovametropole.com.br\/wp\/wp-json\/wp\/v2\/posts"}],"about":[{"href":"https:\/\/jornalnovametropole.com.br\/wp\/wp-json\/wp\/v2\/types\/post"}],"author":[{"embeddable":true,"href":"https:\/\/jornalnovametropole.com.br\/wp\/wp-json\/wp\/v2\/users\/2"}],"replies":[{"embeddable":true,"href":"https:\/\/jornalnovametropole.com.br\/wp\/wp-json\/wp\/v2\/comments?post=8278"}],"version-history":[{"count":1,"href":"https:\/\/jornalnovametropole.com.br\/wp\/wp-json\/wp\/v2\/posts\/8278\/revisions"}],"predecessor-version":[{"id":8280,"href":"https:\/\/jornalnovametropole.com.br\/wp\/wp-json\/wp\/v2\/posts\/8278\/revisions\/8280"}],"wp:featuredmedia":[{"embeddable":true,"href":"https:\/\/jornalnovametropole.com.br\/wp\/wp-json\/wp\/v2\/media\/8279"}],"wp:attachment":[{"href":"https:\/\/jornalnovametropole.com.br\/wp\/wp-json\/wp\/v2\/media?parent=8278"}],"wp:term":[{"taxonomy":"category","embeddable":true,"href":"https:\/\/jornalnovametropole.com.br\/wp\/wp-json\/wp\/v2\/categories?post=8278"},{"taxonomy":"post_tag","embeddable":true,"href":"https:\/\/jornalnovametropole.com.br\/wp\/wp-json\/wp\/v2\/tags?post=8278"}],"curies":[{"name":"wp","href":"https:\/\/api.w.org\/{rel}","templated":true}]}}