{"id":7999,"date":"2016-05-23T13:09:25","date_gmt":"2016-05-23T13:09:25","guid":{"rendered":"http:\/\/jornalnovametropole.com.br\/wp\/?p=7999"},"modified":"2016-05-23T13:09:25","modified_gmt":"2016-05-23T13:09:25","slug":"indaiatuba-clube-realiza-festa-junina","status":"publish","type":"post","link":"https:\/\/jornalnovametropole.com.br\/wp\/indaiatuba-clube-realiza-festa-junina\/","title":{"rendered":"Indaiatuba Clube realiza Festa Junina"},"content":{"rendered":"<h3>Evento \u00e9 beneficente e acontece dia 3 de junho<\/h3>\n<figure id=\"attachment_8000\" aria-describedby=\"caption-attachment-8000\" style=\"width: 906px\" class=\"wp-caption alignnone\"><a href=\"http:\/\/jornalnovametropole.com.br\/wp\/wp-content\/uploads\/2016\/05\/14-A-mais-tradicional-festa-junina-de-Indaiatuba-acontece-no-dia-3-de-junho-no-Indaiatuba-Clbue.jpg\"><img loading=\"lazy\" class=\"size-full wp-image-8000\" src=\"http:\/\/jornalnovametropole.com.br\/wp\/wp-content\/uploads\/2016\/05\/14-A-mais-tradicional-festa-junina-de-Indaiatuba-acontece-no-dia-3-de-junho-no-Indaiatuba-Clbue.jpg\" alt=\"Ser\u00e3o beneficiadas a Casa da Mulher, Educand\u00e1rio Deus e a Natureza, Irm\u00e3 Dulce, Lar de Velhos Emmanuel, Volacc, Lions Club e Rotary Club fotos: Imprensa - IC\" width=\"906\" height=\"600\" srcset=\"https:\/\/jornalnovametropole.com.br\/wp\/wp-content\/uploads\/2016\/05\/14-A-mais-tradicional-festa-junina-de-Indaiatuba-acontece-no-dia-3-de-junho-no-Indaiatuba-Clbue.jpg 906w, https:\/\/jornalnovametropole.com.br\/wp\/wp-content\/uploads\/2016\/05\/14-A-mais-tradicional-festa-junina-de-Indaiatuba-acontece-no-dia-3-de-junho-no-Indaiatuba-Clbue-300x199.jpg 300w\" sizes=\"(max-width: 906px) 100vw, 906px\" \/><\/a><figcaption id=\"caption-attachment-8000\" class=\"wp-caption-text\">Ser\u00e3o beneficiadas a Casa da Mulher, Educand\u00e1rio Deus e a Natureza, Irm\u00e3 Dulce, Lar de Velhos Emmanuel, Volacc, Lions Club e Rotary Club<br \/>fotos: Imprensa &#8211; IC<\/figcaption><\/figure>\n<p>A Festa Junina mais tradicional de Indaiatuba j\u00e1 tem data para acontecer.<br \/>\nNo dia 3 de junho, a partir das 18h30, o Sal\u00e3o Social do Indaiatuba Clube vai se transformar no palco da alegria e divers\u00e3o do melhor arrai\u00e1 da cidade.<br \/>\nComo acontece em todos os anos, o evento de 2016 ter\u00e1 toda a sua renda revertida para entidades assistenciais do munic\u00edpio. Neste ano ser\u00e3o beneficiadas a Casa da Mulher, Educand\u00e1rio Deus e a Natureza, Irm\u00e3 Dulce, Lar de Velhos Emmanuel, Volacc, Lions Club e Rotary Club.<br \/>\nE ser\u00e3o as pr\u00f3prias entidades que v\u00e3o levar ao p\u00fablico as tradicionais barracas com as bebidas e comidas t\u00edpicas dessa que \u00e9 uma das maiores festas populares do Brasil, com milho verde, pipoca, cachorro-quente, espetos, past\u00e9is, lanches de lingui\u00e7a, cuscuz, doces variados, vinho quente, quent\u00e3o e outras bebidas e comidas.<br \/>\nA anima\u00e7\u00e3o do evento, que ter\u00e1 as quadrilhas formadas pelos alunos da Escola de Educa\u00e7\u00e3o Infantil Bal\u00e3o M\u00e1gico, ser\u00e1 feita pelo cantor Fritz e Seus Teclados e o VJ Ronaldo Ambiel.<br \/>\nOs ingressos para a festa j\u00e1 podem ser adquiridos junto \u00e0 Secretaria Social do Indaiatuba Clube, na Escola Bal\u00e3o M\u00e1gico e nas entidades participantes. Associados n\u00e3o pagam.<\/p>\n<figure id=\"attachment_8001\" aria-describedby=\"caption-attachment-8001\" style=\"width: 906px\" class=\"wp-caption alignnone\"><a href=\"http:\/\/jornalnovametropole.com.br\/wp\/wp-content\/uploads\/2016\/05\/14-A-quadrilha-feita-pelos-alunos-da-escola-Bal\u00e3o-M\u00e1gico-\u00e9-uma-das-atra\u00e7\u00f5es-da-Festa-Junina-do-Indaiatuba-Clube.jpg\"><img loading=\"lazy\" class=\"size-full wp-image-8001\" src=\"http:\/\/jornalnovametropole.com.br\/wp\/wp-content\/uploads\/2016\/05\/14-A-quadrilha-feita-pelos-alunos-da-escola-Bal\u00e3o-M\u00e1gico-\u00e9-uma-das-atra\u00e7\u00f5es-da-Festa-Junina-do-Indaiatuba-Clube.jpg\" alt=\"Quadrilha dos alunos da escola Bal\u00e3o M\u00e1gico \u00e9 uma das atra\u00e7\u00f5es\" width=\"906\" height=\"600\" srcset=\"https:\/\/jornalnovametropole.com.br\/wp\/wp-content\/uploads\/2016\/05\/14-A-quadrilha-feita-pelos-alunos-da-escola-Bal\u00e3o-M\u00e1gico-\u00e9-uma-das-atra\u00e7\u00f5es-da-Festa-Junina-do-Indaiatuba-Clube.jpg 906w, https:\/\/jornalnovametropole.com.br\/wp\/wp-content\/uploads\/2016\/05\/14-A-quadrilha-feita-pelos-alunos-da-escola-Bal\u00e3o-M\u00e1gico-\u00e9-uma-das-atra\u00e7\u00f5es-da-Festa-Junina-do-Indaiatuba-Clube-300x199.jpg 300w\" sizes=\"(max-width: 906px) 100vw, 906px\" \/><\/a><figcaption id=\"caption-attachment-8001\" class=\"wp-caption-text\">Quadrilha dos alunos da escola Bal\u00e3o M\u00e1gico \u00e9 uma das atra\u00e7\u00f5es<\/figcaption><\/figure>\n","protected":false},"excerpt":{"rendered":"<p>Evento \u00e9 beneficente e acontece dia 3 de junho A Festa Junina mais tradicional de Indaiatuba j\u00e1 tem data para<\/p>\n","protected":false},"author":2,"featured_media":8000,"comment_status":"open","ping_status":"open","sticky":false,"template":"","format":"standard","meta":[],"categories":[5],"tags":[1715],"_links":{"self":[{"href":"https:\/\/jornalnovametropole.com.br\/wp\/wp-json\/wp\/v2\/posts\/7999"}],"collection":[{"href":"https:\/\/jornalnovametropole.com.br\/wp\/wp-json\/wp\/v2\/posts"}],"about":[{"href":"https:\/\/jornalnovametropole.com.br\/wp\/wp-json\/wp\/v2\/types\/post"}],"author":[{"embeddable":true,"href":"https:\/\/jornalnovametropole.com.br\/wp\/wp-json\/wp\/v2\/users\/2"}],"replies":[{"embeddable":true,"href":"https:\/\/jornalnovametropole.com.br\/wp\/wp-json\/wp\/v2\/comments?post=7999"}],"version-history":[{"count":1,"href":"https:\/\/jornalnovametropole.com.br\/wp\/wp-json\/wp\/v2\/posts\/7999\/revisions"}],"predecessor-version":[{"id":8002,"href":"https:\/\/jornalnovametropole.com.br\/wp\/wp-json\/wp\/v2\/posts\/7999\/revisions\/8002"}],"wp:featuredmedia":[{"embeddable":true,"href":"https:\/\/jornalnovametropole.com.br\/wp\/wp-json\/wp\/v2\/media\/8000"}],"wp:attachment":[{"href":"https:\/\/jornalnovametropole.com.br\/wp\/wp-json\/wp\/v2\/media?parent=7999"}],"wp:term":[{"taxonomy":"category","embeddable":true,"href":"https:\/\/jornalnovametropole.com.br\/wp\/wp-json\/wp\/v2\/categories?post=7999"},{"taxonomy":"post_tag","embeddable":true,"href":"https:\/\/jornalnovametropole.com.br\/wp\/wp-json\/wp\/v2\/tags?post=7999"}],"curies":[{"name":"wp","href":"https:\/\/api.w.org\/{rel}","templated":true}]}}