{"id":7843,"date":"2016-05-16T12:09:10","date_gmt":"2016-05-16T12:09:10","guid":{"rendered":"http:\/\/jornalnovametropole.com.br\/wp\/?p=7843"},"modified":"2016-05-16T12:09:10","modified_gmt":"2016-05-16T12:09:10","slug":"gloria-pires-estrela-drama-brasileiro","status":"publish","type":"post","link":"https:\/\/jornalnovametropole.com.br\/wp\/gloria-pires-estrela-drama-brasileiro\/","title":{"rendered":"Gloria Pires estrela drama brasileiro"},"content":{"rendered":"<p>Os apaixonados por drama \/ biografia brasileiro, agora j\u00e1 podem conferir nas telonas \u2018Nise \u2013 O Cora\u00e7\u00e3o da Loucura\u2019, com a protagonista Gl\u00f3ria Pires, na pele de uma<br \/>\ndoutora.<br \/>\nAo voltar a trabalhar em um hospital psiqui\u00e1trico no sub\u00farbio do Rio de Janeiro, ap\u00f3s sair da pris\u00e3o, a doutora Nise da Silveira (Gloria Pires) prop\u00f5e uma nova forma de tratamento aos pacientes que sofrem da esquizofrenia, eliminando o eletrochoque e lobotomia. Seus colegas de trabalho discordam do seu meio de tratamento e a isolam, restando a ela assumir o abandonado Setor de Terapia Ocupacional, onde d\u00e1 in\u00edcio a uma nova forma de lidar com os pacientes, atrav\u00e9s do amor e da arte.<br \/>\nCom dire\u00e7\u00e3o de Roberto Berliner, o longa-metragem tem em seu elenco atores como Augusto Madeira, Fernando Marinho, Bernardo Marinho, Georgiana G\u00f3es.<br \/>\nA doutora Nise da Silveira, retratada no filme ganhou reconhecimento internacional ao defender terapias alternativas no tratamento de dist\u00farbios mentais, diferente do que era feito at\u00e9 ent\u00e3o. Ela adotou a pintura e o conv\u00edvio com animais dom\u00e9sticos, al\u00e9m do afeto, como alternativa \u00e0 viol\u00eancia.<br \/>\n\u2018Nise \u2013 O Cora\u00e7\u00e3o da Loucura\u2019 foi filmado h\u00e1 quatro anos no Rio de Janeiro, e durante dois meses no Instituto Nise da Silveira no Engenho de Dentro, local onde ficava o Hospital Psiqui\u00e1trico Pedro II. No lugar foram descobertos grandes nomes das artes pl\u00e1sticas, como Emydgio de Barros, Raphael Domingues, Lucio Noeman e Fernando Diniz. A revela\u00e7\u00e3o do talento deles \u00e9 apresentada no longa, que j\u00e1 foi exibido no Festival de Cinema no Uruguai e exibido e premiado nos festivais do Rio e de T\u00f3quio em 2015.<\/p>\n<p><iframe loading=\"lazy\" title=\"Nise - O Cora\u00e7\u00e3o da Loucura - Trailer Oficial\" width=\"800\" height=\"450\" src=\"https:\/\/www.youtube.com\/embed\/UeAUNvcM_xk?feature=oembed\" frameborder=\"0\" allow=\"accelerometer; autoplay; clipboard-write; encrypted-media; gyroscope; picture-in-picture\" allowfullscreen><\/iframe><\/p>\n","protected":false},"excerpt":{"rendered":"<p>Os apaixonados por drama \/ biografia brasileiro, agora j\u00e1 podem conferir nas telonas \u2018Nise \u2013 O Cora\u00e7\u00e3o da Loucura\u2019, com<\/p>\n","protected":false},"author":2,"featured_media":7844,"comment_status":"open","ping_status":"open","sticky":false,"template":"","format":"standard","meta":[],"categories":[15],"tags":[1680],"_links":{"self":[{"href":"https:\/\/jornalnovametropole.com.br\/wp\/wp-json\/wp\/v2\/posts\/7843"}],"collection":[{"href":"https:\/\/jornalnovametropole.com.br\/wp\/wp-json\/wp\/v2\/posts"}],"about":[{"href":"https:\/\/jornalnovametropole.com.br\/wp\/wp-json\/wp\/v2\/types\/post"}],"author":[{"embeddable":true,"href":"https:\/\/jornalnovametropole.com.br\/wp\/wp-json\/wp\/v2\/users\/2"}],"replies":[{"embeddable":true,"href":"https:\/\/jornalnovametropole.com.br\/wp\/wp-json\/wp\/v2\/comments?post=7843"}],"version-history":[{"count":1,"href":"https:\/\/jornalnovametropole.com.br\/wp\/wp-json\/wp\/v2\/posts\/7843\/revisions"}],"predecessor-version":[{"id":7845,"href":"https:\/\/jornalnovametropole.com.br\/wp\/wp-json\/wp\/v2\/posts\/7843\/revisions\/7845"}],"wp:featuredmedia":[{"embeddable":true,"href":"https:\/\/jornalnovametropole.com.br\/wp\/wp-json\/wp\/v2\/media\/7844"}],"wp:attachment":[{"href":"https:\/\/jornalnovametropole.com.br\/wp\/wp-json\/wp\/v2\/media?parent=7843"}],"wp:term":[{"taxonomy":"category","embeddable":true,"href":"https:\/\/jornalnovametropole.com.br\/wp\/wp-json\/wp\/v2\/categories?post=7843"},{"taxonomy":"post_tag","embeddable":true,"href":"https:\/\/jornalnovametropole.com.br\/wp\/wp-json\/wp\/v2\/tags?post=7843"}],"curies":[{"name":"wp","href":"https:\/\/api.w.org\/{rel}","templated":true}]}}