{"id":7641,"date":"2016-05-02T12:45:13","date_gmt":"2016-05-02T12:45:13","guid":{"rendered":"http:\/\/jornalnovametropole.com.br\/wp\/?p=7641"},"modified":"2016-05-02T12:45:13","modified_gmt":"2016-05-02T12:45:13","slug":"proteinas-e-gluten-sao-destaques-na-palestra-do-grupo","status":"publish","type":"post","link":"https:\/\/jornalnovametropole.com.br\/wp\/proteinas-e-gluten-sao-destaques-na-palestra-do-grupo\/","title":{"rendered":"Prote\u00ednas e gl\u00faten s\u00e3o destaques na palestra do grupo"},"content":{"rendered":"<figure id=\"attachment_7642\" aria-describedby=\"caption-attachment-7642\" style=\"width: 800px\" class=\"wp-caption alignnone\"><a href=\"http:\/\/jornalnovametropole.com.br\/wp\/wp-content\/uploads\/2016\/05\/20-Diabetes-no-Controle.jpg\"><img loading=\"lazy\" class=\"size-full wp-image-7642\" src=\"http:\/\/jornalnovametropole.com.br\/wp\/wp-content\/uploads\/2016\/05\/20-Diabetes-no-Controle.jpg\" alt=\"Atendimento multiprofissional do programa Diabetes no Controle Foto:DIVULGA\u00c7\u00c3O\" width=\"800\" height=\"600\" srcset=\"https:\/\/jornalnovametropole.com.br\/wp\/wp-content\/uploads\/2016\/05\/20-Diabetes-no-Controle.jpg 800w, https:\/\/jornalnovametropole.com.br\/wp\/wp-content\/uploads\/2016\/05\/20-Diabetes-no-Controle-300x225.jpg 300w\" sizes=\"(max-width: 800px) 100vw, 800px\" \/><\/a><figcaption id=\"caption-attachment-7642\" class=\"wp-caption-text\">Atendimento multiprofissional do programa Diabetes no Controle<br \/>Foto:DIVULGA\u00c7\u00c3O<\/figcaption><\/figure>\n<p>Na ter\u00e7a-feira (26) o Diabetes no Controle realizou uma palestra destinada aos atendidos pelo programa. Desta vez o tema abordado foi \u2018O papel das prote\u00ednas na alimenta\u00e7\u00e3o do diab\u00e9tico\u2019 e foi apresentado pelos estudantes do 7\u00ba semestre de Nutri\u00e7\u00e3o. O encontro aconteceu no Campus 1 da Faculdade.<br \/>\n\u201cA proposta foi mostrar aos pacientes o que s\u00e3o as prote\u00ednas, como devem ser distribu\u00eddas no card\u00e1pio e como fugir dos perigos de uma alimenta\u00e7\u00e3o n\u00e3o adequada. E como na \u00faltima reuni\u00e3o houve questionamentos a respeito do gl\u00faten, que est\u00e1 sendo muito falado ultimamente, abordamos as propriedades desse nutriente em nossa alimenta\u00e7\u00e3o\u201d, explica o assessor da coordena\u00e7\u00e3o do curso de Nutri\u00e7\u00e3o, professor Alexandre de Oliveira Camargo. \u201c\u00c9 uma \u00f3tima oportunidade do participante do projeto saber quais as implica\u00e7\u00f5es de suas escolhas quando o assunto \u00e9 alimenta\u00e7\u00e3o, pois s\u00e3o informa\u00e7\u00f5es de especialistas no assunto\u201d, afirma a coordenadora da Intercl\u00ednicas, professora C\u00e2ndida Ac\u00e1cia Barroca.<br \/>\nVale lembrar que o Diabetes no Controle, parceria entre a Faculdade Max Planck e a Associa\u00e7\u00e3o de Diabetes Sempre Amigos de Indaiatuba, existe desde setembro de 2015. Foram mais de 600 atendimentos na Intercl\u00ednicas, unidade da Max<br \/>\nPlanck.<\/p>\n","protected":false},"excerpt":{"rendered":"<p>Na ter\u00e7a-feira (26) o Diabetes no Controle realizou uma palestra destinada aos atendidos pelo programa. Desta vez o tema abordado<\/p>\n","protected":false},"author":2,"featured_media":7642,"comment_status":"open","ping_status":"open","sticky":false,"template":"","format":"standard","meta":[],"categories":[5],"tags":[1641],"_links":{"self":[{"href":"https:\/\/jornalnovametropole.com.br\/wp\/wp-json\/wp\/v2\/posts\/7641"}],"collection":[{"href":"https:\/\/jornalnovametropole.com.br\/wp\/wp-json\/wp\/v2\/posts"}],"about":[{"href":"https:\/\/jornalnovametropole.com.br\/wp\/wp-json\/wp\/v2\/types\/post"}],"author":[{"embeddable":true,"href":"https:\/\/jornalnovametropole.com.br\/wp\/wp-json\/wp\/v2\/users\/2"}],"replies":[{"embeddable":true,"href":"https:\/\/jornalnovametropole.com.br\/wp\/wp-json\/wp\/v2\/comments?post=7641"}],"version-history":[{"count":1,"href":"https:\/\/jornalnovametropole.com.br\/wp\/wp-json\/wp\/v2\/posts\/7641\/revisions"}],"predecessor-version":[{"id":7643,"href":"https:\/\/jornalnovametropole.com.br\/wp\/wp-json\/wp\/v2\/posts\/7641\/revisions\/7643"}],"wp:featuredmedia":[{"embeddable":true,"href":"https:\/\/jornalnovametropole.com.br\/wp\/wp-json\/wp\/v2\/media\/7642"}],"wp:attachment":[{"href":"https:\/\/jornalnovametropole.com.br\/wp\/wp-json\/wp\/v2\/media?parent=7641"}],"wp:term":[{"taxonomy":"category","embeddable":true,"href":"https:\/\/jornalnovametropole.com.br\/wp\/wp-json\/wp\/v2\/categories?post=7641"},{"taxonomy":"post_tag","embeddable":true,"href":"https:\/\/jornalnovametropole.com.br\/wp\/wp-json\/wp\/v2\/tags?post=7641"}],"curies":[{"name":"wp","href":"https:\/\/api.w.org\/{rel}","templated":true}]}}