{"id":7536,"date":"2016-04-25T12:20:12","date_gmt":"2016-04-25T12:20:12","guid":{"rendered":"http:\/\/jornalnovametropole.com.br\/wp\/?p=7536"},"modified":"2016-04-25T12:20:12","modified_gmt":"2016-04-25T12:20:12","slug":"dojo-semear-homenageia-patrocinadores","status":"publish","type":"post","link":"https:\/\/jornalnovametropole.com.br\/wp\/dojo-semear-homenageia-patrocinadores\/","title":{"rendered":"Doj\u00f4 Semear homenageia patrocinadores"},"content":{"rendered":"<p>Na sexta-feira (15), a coordena\u00e7\u00e3o e alunos beneficiados do projeto Doj\u00f4 Semear, homenagearam seus patrocinadores no plenarinho da C\u00e2mara de Indaiatuba.<br \/>\nO evento reuniu aproximadamente 80 pessoas e certificou a 15 empres\u00e1rios com o t\u00edtulo de \u2018Amigos do Doj\u00f4 Semear\u2019, programa de arrecada\u00e7\u00e3o de recursos, cujas doa\u00e7\u00f5es contribu\u00edram para: formata\u00e7\u00e3o da agenda de atividades 2016, inscri\u00e7\u00f5es em campeonatos, aquisi\u00e7\u00e3o de faixas, kimonos, entre outros itens indispens\u00e1veis para o desenvolvimento dos trabalhos. A entrega dos certificados aos patrocinadores foi realizada pelos alunos do projeto. \u201cViver este momento \u00e9 uma mistura de satisfa\u00e7\u00e3o com gratid\u00e3o! Ver o projeto crescer, ser aceito, recomendado e agora recebendo apoio de empresas que acreditam em nosso trabalho, traz uma satisfa\u00e7\u00e3o enorme e nos motiva a continuar, com a certeza de que juntos podemos fazer mais\u201d, comenta Jorge Luiz, idealizador e instrutor de Jiu-Jitsu do Doj\u00f4.<br \/>\nO projeto atua na cidade de Indaiatuba desde outubro de 2014 e atende hoje 34 crian\u00e7as e adolescentes de at\u00e9 16 anos, em condi\u00e7\u00f5es de vulnerabilidade social. O Doj\u00f4 Semear contribui para o desenvolvimento sociocultural e a integra\u00e7\u00e3o social atrav\u00e9s da pr\u00e1tica de esportes de combate como Jud\u00f4, Taekwondo e Jiu-Jitsu. As aulas, t\u00eam por objetivo passar princ\u00edpios e valores crist\u00e3os, al\u00e9m das t\u00e9cnicas e movimentos das lutas.<br \/>\nMais informa\u00e7\u00f5es pelo telefone (19) 3935-8221 e pelo e-mail: diretoria.dojosemear@gmail.com.<\/p>\n","protected":false},"excerpt":{"rendered":"<p>Na sexta-feira (15), a coordena\u00e7\u00e3o e alunos beneficiados do projeto Doj\u00f4 Semear, homenagearam seus patrocinadores no plenarinho da C\u00e2mara de<\/p>\n","protected":false},"author":2,"featured_media":0,"comment_status":"open","ping_status":"open","sticky":false,"template":"","format":"standard","meta":[],"categories":[5],"tags":[1617,574],"_links":{"self":[{"href":"https:\/\/jornalnovametropole.com.br\/wp\/wp-json\/wp\/v2\/posts\/7536"}],"collection":[{"href":"https:\/\/jornalnovametropole.com.br\/wp\/wp-json\/wp\/v2\/posts"}],"about":[{"href":"https:\/\/jornalnovametropole.com.br\/wp\/wp-json\/wp\/v2\/types\/post"}],"author":[{"embeddable":true,"href":"https:\/\/jornalnovametropole.com.br\/wp\/wp-json\/wp\/v2\/users\/2"}],"replies":[{"embeddable":true,"href":"https:\/\/jornalnovametropole.com.br\/wp\/wp-json\/wp\/v2\/comments?post=7536"}],"version-history":[{"count":1,"href":"https:\/\/jornalnovametropole.com.br\/wp\/wp-json\/wp\/v2\/posts\/7536\/revisions"}],"predecessor-version":[{"id":7537,"href":"https:\/\/jornalnovametropole.com.br\/wp\/wp-json\/wp\/v2\/posts\/7536\/revisions\/7537"}],"wp:attachment":[{"href":"https:\/\/jornalnovametropole.com.br\/wp\/wp-json\/wp\/v2\/media?parent=7536"}],"wp:term":[{"taxonomy":"category","embeddable":true,"href":"https:\/\/jornalnovametropole.com.br\/wp\/wp-json\/wp\/v2\/categories?post=7536"},{"taxonomy":"post_tag","embeddable":true,"href":"https:\/\/jornalnovametropole.com.br\/wp\/wp-json\/wp\/v2\/tags?post=7536"}],"curies":[{"name":"wp","href":"https:\/\/api.w.org\/{rel}","templated":true}]}}