{"id":7223,"date":"2016-04-04T13:17:22","date_gmt":"2016-04-04T13:17:22","guid":{"rendered":"http:\/\/jornalnovametropole.com.br\/wp\/?p=7223"},"modified":"2016-04-04T13:17:22","modified_gmt":"2016-04-04T13:17:22","slug":"bandeira-tarifaria-de-abril-e-verde","status":"publish","type":"post","link":"https:\/\/jornalnovametropole.com.br\/wp\/bandeira-tarifaria-de-abril-e-verde\/","title":{"rendered":"Bandeira tarif\u00e1ria de abril \u00e9 verde"},"content":{"rendered":"<p>A bandeira para o m\u00eas de abril ser\u00e1 verde, sem custo para os consumidores. Tr\u00eas fatores principais contribu\u00edram para a bandeira verde: a evolu\u00e7\u00e3o positiva do per\u00edodo \u00famido de 2016, que recomp\u00f5e os reservat\u00f3rios das hidrel\u00e9tricas; o aumento de energia dispon\u00edvel com redu\u00e7\u00e3o de demanda; e a adi\u00e7\u00e3o de novas usinas ao sistema el\u00e9trico brasileiro. Criado pela Aneel, o sistema de bandeiras tarif\u00e1rias sinaliza com precis\u00e3o o custo real da energia gerada, possibilitando aos consumidores o uso consciente da energia el\u00e9trica.<br \/>\nA Diretoria da Aneel determinou o acionamento da bandeira verde para todo o Brasil, no m\u00eas de abril, a partir da simula\u00e7\u00e3o dos custos a serem cobertos pela Conta Bandeiras Tarif\u00e1rias.<br \/>\nO funcionamento das bandeiras tarif\u00e1rias \u00e9 simples: as cores verde, amarela ou vermelha indicam se a energia custar\u00e1 mais ou menos em fun\u00e7\u00e3o das condi\u00e7\u00f5es de gera\u00e7\u00e3o de eletricidade.<br \/>\nA bandeira tarif\u00e1ria n\u00e3o \u00e9 um custo extra na conta de luz: \u00e9 uma forma diferente de apresentar um valor que j\u00e1 est\u00e1 na conta de energia, mas que geralmente passa despercebido. As bandeiras sinalizam, m\u00eas a m\u00eas, o custo de gera\u00e7\u00e3o da energia el\u00e9trica que ser\u00e1 cobrada dos consumidores. N\u00e3o existe, portanto, um novo custo, mas um sinal de pre\u00e7o que sinaliza para o consumidor o custo real da gera\u00e7\u00e3o no momento em que ele est\u00e1 consumindo a energia, dando a oportunidade de adaptar seu consumo, se assim desejar.<br \/>\nA bandeira \u00e9 aplicada a todos os consumidores, multiplicando-se o consumo (em quilowatts-hora, kWh) pelo valor da bandeira (em reais), se ela for amarela ou vermelha. Em bandeira vermelha, o adicional \u00e9 de R$ 3 (patamar 1) e R$ 4,50 (patamar 2), aplicados a cada 100 kWh (quilowatt-hora) consumidos. A bandeira amarela representa R$ 1,50, aplicados a cada 100 kWh (e suas fra\u00e7\u00f5es). Se o consumo mensal foi de 60 kWh, no primeiro patamar de bandeira vermelha o adicional seria de 0,6 * R$ 3 = R$ 1,80. A esses valores s\u00e3o acrescentados os impostos vigentes.<\/p>\n","protected":false},"excerpt":{"rendered":"<p>A bandeira para o m\u00eas de abril ser\u00e1 verde, sem custo para os consumidores. Tr\u00eas fatores principais contribu\u00edram para a<\/p>\n","protected":false},"author":2,"featured_media":0,"comment_status":"open","ping_status":"open","sticky":false,"template":"","format":"standard","meta":[],"categories":[3],"tags":[1546],"_links":{"self":[{"href":"https:\/\/jornalnovametropole.com.br\/wp\/wp-json\/wp\/v2\/posts\/7223"}],"collection":[{"href":"https:\/\/jornalnovametropole.com.br\/wp\/wp-json\/wp\/v2\/posts"}],"about":[{"href":"https:\/\/jornalnovametropole.com.br\/wp\/wp-json\/wp\/v2\/types\/post"}],"author":[{"embeddable":true,"href":"https:\/\/jornalnovametropole.com.br\/wp\/wp-json\/wp\/v2\/users\/2"}],"replies":[{"embeddable":true,"href":"https:\/\/jornalnovametropole.com.br\/wp\/wp-json\/wp\/v2\/comments?post=7223"}],"version-history":[{"count":1,"href":"https:\/\/jornalnovametropole.com.br\/wp\/wp-json\/wp\/v2\/posts\/7223\/revisions"}],"predecessor-version":[{"id":7224,"href":"https:\/\/jornalnovametropole.com.br\/wp\/wp-json\/wp\/v2\/posts\/7223\/revisions\/7224"}],"wp:attachment":[{"href":"https:\/\/jornalnovametropole.com.br\/wp\/wp-json\/wp\/v2\/media?parent=7223"}],"wp:term":[{"taxonomy":"category","embeddable":true,"href":"https:\/\/jornalnovametropole.com.br\/wp\/wp-json\/wp\/v2\/categories?post=7223"},{"taxonomy":"post_tag","embeddable":true,"href":"https:\/\/jornalnovametropole.com.br\/wp\/wp-json\/wp\/v2\/tags?post=7223"}],"curies":[{"name":"wp","href":"https:\/\/api.w.org\/{rel}","templated":true}]}}