{"id":7221,"date":"2016-04-04T13:16:18","date_gmt":"2016-04-04T13:16:18","guid":{"rendered":"http:\/\/jornalnovametropole.com.br\/wp\/?p=7221"},"modified":"2016-04-04T13:16:18","modified_gmt":"2016-04-04T13:16:18","slug":"jorge-mateus-integra-a-programacao","status":"publish","type":"post","link":"https:\/\/jornalnovametropole.com.br\/wp\/jorge-mateus-integra-a-programacao\/","title":{"rendered":"Jorge &#038; Mateus integra a programa\u00e7\u00e3o"},"content":{"rendered":"<h3>Convites para a festa come\u00e7am a ser vendidos dia 4<\/h3>\n<p>AFeira Agropecu\u00e1ria Industrial e Comercial de Indaiatuba (Faici) anunciou, em Coletiva de Imprensa na ter\u00e7a-feira (29), as atra\u00e7\u00f5es para 2016. O evento acontece entre os dias 5 a 14 de agosto. Para a alegria dos f\u00e3s, artistas como Jorge &amp; Mateus, Henrique &amp; Juliano, Luan Santana e Fernando e Sorocaba, retornam a Indaiatuba.<br \/>\nO Desfile dos Cavaleiros acontece no dia 31 de julho. Para abrir a festa, na sexta-feira, dia 5, a dupla Jorge &amp; Mateus chega \u00e0 cidade com a nova turn\u00ea. O segundo dia de festa contar\u00e1 com duas atra\u00e7\u00f5es. Pedro Paulo &amp; Alex \u2018PPA\u2019 e Bruno di Marco &amp; Cristiano sobem ao palco no s\u00e1bado, dia 6. No domingo, 7, o p\u00fablico pode conferir a apresenta\u00e7\u00e3o da dupla Roby &amp; Thiago e de mais uma atra\u00e7\u00e3o, que ser\u00e1 anunciada em breve.<br \/>\nAterrizando em Indaiatuba novamente, a Faici inicia a segunda semana de festa com a dupla Henrique &amp; Juliano, na quinta-feira, dia 11. J\u00e1 no dia 12, o astro que arrasta multid\u00f5es em seus shows, Luan Santana, tamb\u00e9m volta a se apresentar no munic\u00edpio. No s\u00e1bado, dia 13, considerada uma das duplas de maior sucesso no cen\u00e1rio sertanejo e dona de shows com grandes efeitos especiais, Fernando &amp; Sorocaba, tamb\u00e9m estar\u00e1 no palco da Faici 2016.<br \/>\nPara fechar a 28\u00aa edi\u00e7\u00e3o, C\u00e9zar e Paulinho se apresentam no domingo, dia 14, em um dia classificado pelos organizadores, como \u201cfamiliar\u201d.<br \/>\n\u201cS\u00e3o 28 anos de tradi\u00e7\u00e3o da festa, \u00e9 uma responsabilidade grande. Ano passado foi um sucesso e todo ano queremos superar, pois a cidade merece\u201d, destacou o presidente da Faici, Jos\u00e9 Marques Barbosa.<\/p>\n<p>Rodeio<br \/>\nO m\u00e9dico veterin\u00e1rio Cesar Fabiano Vilela, h\u00e1 quatro anos participando da Faici, elogiou a comiss\u00e3o organizadora da festa, citou a parceria com a Faculdade Max Planck, que disponibiliza alunos e professores do curso de Medicina Veterin\u00e1ria para acompanhar todos os procedimentos com os animais envolvidos na festa e anunciou que, em 2016 n\u00e3o h\u00e1 programa\u00e7\u00e3o para queima de fogos. \u201cParabenizo os organizadores, que se preocupam, n\u00e3o s\u00f3 com a qualidade do esporte, mas tamb\u00e9m, com todas as quest\u00f5es de bem-estar dos animais presentes no evento\u201d. Para 2016 haver\u00e1 o rodeio, montaria em touros com participa\u00e7\u00e3o de competidores da Associa\u00e7\u00e3o de Campe\u00f5es de Rodeio (ACR) montaria em cavalos, exposi\u00e7\u00e3o de touros e carneiros. A Faici \u00e9 acompanhada pela Defesa Agropecu\u00e1ria do Estado.<\/p>\n<p>rainha faici<br \/>\nO concurso que elege a Rainha Faici muda de m\u00e3os. A administra\u00e7\u00e3o ser\u00e1 de \u00c9der Farias e Gilmar, respons\u00e1veis por eventos de sucesso na cidade. As interessadas podem se inscrever a partir do dia 4, pelo site oficial do evento. \u00c9 necess\u00e1rio que tenham, no m\u00ednimo, 18 anos, e residam em Indaiatuba. A taxa de inscri\u00e7\u00e3o \u00e9 R$ 40. A grande final est\u00e1 marcada para o dia 23 de julho.<\/p>\n<p>shows confirmados<br \/>\nSegunda-feira, dia 4, ser\u00e1 dada a largada para as vendas dos ingressos para a Faici 2016. Como nas edi\u00e7\u00f5es anteriores, ser\u00e1 vendido o Passaporte, que d\u00e1 acesso livre para todos os dias de festa, pelo valor de R$ 150 (primeiro lote) e pode ser parcelado no cart\u00e3o de cr\u00e9dito. Os pontos de vendas ser\u00e3o divulgados em breve. O Passaporte tamb\u00e9m pode ser adquirido pela internet, no endere\u00e7o www.aloingressos.com.br.<br \/>\nPara aqueles que preferem mais comodismo, h\u00e1 op\u00e7\u00f5es de camarote. Os tradicionais camarotes da Faici est\u00e3o dispon\u00edveis na categoria bronze (fica localizado no primeiro andar, comporta dez pessoas e custa R$ 4,5 mil); prata (acomoda 12 pessoas e custa R$ 6 mil), e na categoria ouro (tem mais proximidade com os artistas, custa R$ 12 mil e comporta 20 pessoas). Al\u00e9m dessa op\u00e7\u00e3o, t\u00eam o Vip Super Bull\/ Botequim do Presidente, o camarote Brahma, e a edi\u00e7\u00e3o 2016 anuncia uma novidade: a tradicional casa de shows, Paio\u00e7a do Caboclo, tamb\u00e9m estar\u00e1 com camarote na Faici.<\/p>\n<p>atra\u00e7\u00f5es<\/p>\n<p>\u2022 Dia 5 (sexta-feira)<br \/>\nJorge &amp; Mateus (R$ 40)<br \/>\n\u2022 Dia 6 (s\u00e1bado)<br \/>\nPedro Paulo &amp; Alex, Bruno di Marco &amp; Cristiano (R$ 40)<br \/>\n\u2022 Dia 7 (domingo)<br \/>\nRoby &amp; Thiago + atra\u00e7\u00e3o ser\u00e1 anunciada em breve (R$ 10)<br \/>\n\u2022 Dia 11 (quinta-feira)<br \/>\nHenrique &amp; Juliano (R$ 40)<br \/>\n\u2022 Dia 12 (sexta-feira) \u2013 Luan Santana (R$ 40)<br \/>\n\u2022 Dia 13 (s\u00e1bado)<br \/>\nFernando &amp; Sorocaba (R$ 40)<br \/>\n\u2022 Dia 14 (domingo)<br \/>\nC\u00e9zar &amp; Paulinho (R$ 20)<\/p>\n","protected":false},"excerpt":{"rendered":"<p>Convites para a festa come\u00e7am a ser vendidos dia 4 AFeira Agropecu\u00e1ria Industrial e Comercial de Indaiatuba (Faici) anunciou, em<\/p>\n","protected":false},"author":2,"featured_media":0,"comment_status":"open","ping_status":"open","sticky":false,"template":"","format":"standard","meta":[],"categories":[5],"tags":[1545],"_links":{"self":[{"href":"https:\/\/jornalnovametropole.com.br\/wp\/wp-json\/wp\/v2\/posts\/7221"}],"collection":[{"href":"https:\/\/jornalnovametropole.com.br\/wp\/wp-json\/wp\/v2\/posts"}],"about":[{"href":"https:\/\/jornalnovametropole.com.br\/wp\/wp-json\/wp\/v2\/types\/post"}],"author":[{"embeddable":true,"href":"https:\/\/jornalnovametropole.com.br\/wp\/wp-json\/wp\/v2\/users\/2"}],"replies":[{"embeddable":true,"href":"https:\/\/jornalnovametropole.com.br\/wp\/wp-json\/wp\/v2\/comments?post=7221"}],"version-history":[{"count":1,"href":"https:\/\/jornalnovametropole.com.br\/wp\/wp-json\/wp\/v2\/posts\/7221\/revisions"}],"predecessor-version":[{"id":7222,"href":"https:\/\/jornalnovametropole.com.br\/wp\/wp-json\/wp\/v2\/posts\/7221\/revisions\/7222"}],"wp:attachment":[{"href":"https:\/\/jornalnovametropole.com.br\/wp\/wp-json\/wp\/v2\/media?parent=7221"}],"wp:term":[{"taxonomy":"category","embeddable":true,"href":"https:\/\/jornalnovametropole.com.br\/wp\/wp-json\/wp\/v2\/categories?post=7221"},{"taxonomy":"post_tag","embeddable":true,"href":"https:\/\/jornalnovametropole.com.br\/wp\/wp-json\/wp\/v2\/tags?post=7221"}],"curies":[{"name":"wp","href":"https:\/\/api.w.org\/{rel}","templated":true}]}}