{"id":6609,"date":"2016-02-22T12:06:16","date_gmt":"2016-02-22T12:06:16","guid":{"rendered":"http:\/\/jornalnovametropole.com.br\/wp\/?p=6609"},"modified":"2016-02-22T12:06:16","modified_gmt":"2016-02-22T12:06:16","slug":"dialogando-sobre-a-importancia-dos-pais-na-psicoterapia-de-criancas-e-adolescentes","status":"publish","type":"post","link":"https:\/\/jornalnovametropole.com.br\/wp\/dialogando-sobre-a-importancia-dos-pais-na-psicoterapia-de-criancas-e-adolescentes\/","title":{"rendered":"DIALOGANDO SOBRE: A import\u00e2ncia dos pais na psicoterapia de crian\u00e7as e adolescentes"},"content":{"rendered":"<p>Carolina B.C. Kassabian<br \/>\nPsic\u00f3loga e Psicopedagoga &#8211; CRP 06\/84907<\/p>\n<p>Frequentemente atendo na cl\u00ednica m\u00e3es e pais aflitos com problemas de comportamento de seus filhos. As queixas s\u00e3o variadas, mas as dificuldades de aprendizagem, a agressividade, o medo, a hiperatividade e falta de aten\u00e7\u00e3o s\u00e3o algumas das principais raz\u00f5es que despertam na fam\u00edlia a vontade de procurar a ajuda de um psic\u00f3logo.<br \/>\nQuando os filhos s\u00e3o trazidos para a psicoterapia \u00e9 sinal de que os pais est\u00e3o preocupados com o que acontece com eles e dispostos a exercer sua fun\u00e7\u00e3o de cuidadores da melhor forma poss\u00edvel. Ocorre que, na maioria dos casos, a escolha pela psicologia s\u00f3 se d\u00e1 depois de um desgaste familiar consider\u00e1vel.<br \/>\nMuitas vezes, angustiados e j\u00e1 sem for\u00e7as, alguns pais chegam \u00e0 primeira consulta em busca de uma solu\u00e7\u00e3o que os leve de forma r\u00e1pida e indolor ao fim dos conflitos. Mas a quest\u00e3o \u00e9 que na psicoterapia com crian\u00e7as e adolescentes n\u00e3o existem atalhos, f\u00f3rmulas m\u00e1gicas ou receitas milagrosas. O que existe \u00e9 uma jornada de autoconhecimento, supera\u00e7\u00e3o e aprendizado, que precisa ser trilhada na companhia dos familiares.<br \/>\nPara que essa caminhada conjunta tenha sucesso, \u00e9 necess\u00e1rio que haja um ato de coragem. Coragem para reconhecer e acolher as pr\u00f3prias dificuldades. Coragem para corresponsabilizar ao inv\u00e9s de responsabilizar. E coragem para assumir que o problema n\u00e3o \u00e9 s\u00f3 de um, mas de todos, pois s\u00f3 assim ser\u00e1 poss\u00edvel enfrentar, juntamente com os filhos, os bichos-<br \/>\npap\u00f5es que assombram seu<br \/>\ndesenvolvimento.<\/p>\n","protected":false},"excerpt":{"rendered":"<p>Carolina B.C. Kassabian Psic\u00f3loga e Psicopedagoga &#8211; CRP 06\/84907 Frequentemente atendo na cl\u00ednica m\u00e3es e pais aflitos com problemas de<\/p>\n","protected":false},"author":2,"featured_media":0,"comment_status":"open","ping_status":"open","sticky":false,"template":"","format":"standard","meta":[],"categories":[5],"tags":[1417],"_links":{"self":[{"href":"https:\/\/jornalnovametropole.com.br\/wp\/wp-json\/wp\/v2\/posts\/6609"}],"collection":[{"href":"https:\/\/jornalnovametropole.com.br\/wp\/wp-json\/wp\/v2\/posts"}],"about":[{"href":"https:\/\/jornalnovametropole.com.br\/wp\/wp-json\/wp\/v2\/types\/post"}],"author":[{"embeddable":true,"href":"https:\/\/jornalnovametropole.com.br\/wp\/wp-json\/wp\/v2\/users\/2"}],"replies":[{"embeddable":true,"href":"https:\/\/jornalnovametropole.com.br\/wp\/wp-json\/wp\/v2\/comments?post=6609"}],"version-history":[{"count":1,"href":"https:\/\/jornalnovametropole.com.br\/wp\/wp-json\/wp\/v2\/posts\/6609\/revisions"}],"predecessor-version":[{"id":6610,"href":"https:\/\/jornalnovametropole.com.br\/wp\/wp-json\/wp\/v2\/posts\/6609\/revisions\/6610"}],"wp:attachment":[{"href":"https:\/\/jornalnovametropole.com.br\/wp\/wp-json\/wp\/v2\/media?parent=6609"}],"wp:term":[{"taxonomy":"category","embeddable":true,"href":"https:\/\/jornalnovametropole.com.br\/wp\/wp-json\/wp\/v2\/categories?post=6609"},{"taxonomy":"post_tag","embeddable":true,"href":"https:\/\/jornalnovametropole.com.br\/wp\/wp-json\/wp\/v2\/tags?post=6609"}],"curies":[{"name":"wp","href":"https:\/\/api.w.org\/{rel}","templated":true}]}}