{"id":6028,"date":"2016-01-11T13:29:55","date_gmt":"2016-01-11T13:29:55","guid":{"rendered":"http:\/\/jornalnovametropole.com.br\/wp\/?p=6028"},"modified":"2016-01-11T13:29:55","modified_gmt":"2016-01-11T13:29:55","slug":"primavera-derrota-fluminense-em-casa-por-3-x-2","status":"publish","type":"post","link":"https:\/\/jornalnovametropole.com.br\/wp\/primavera-derrota-fluminense-em-casa-por-3-x-2\/","title":{"rendered":"Primavera derrota Fluminense em casa por 3 x 2"},"content":{"rendered":"<h3>Com o est\u00e1dio lotado, o time roubou a cena<\/h3>\n<figure id=\"attachment_6029\" aria-describedby=\"caption-attachment-6029\" style=\"width: 990px\" class=\"wp-caption alignnone\"><a href=\"http:\/\/jornalnovametropole.com.br\/wp\/wp-content\/uploads\/2016\/01\/04-Primavera.jpg\"><img loading=\"lazy\" class=\"size-full wp-image-6029\" src=\"http:\/\/jornalnovametropole.com.br\/wp\/wp-content\/uploads\/2016\/01\/04-Primavera.jpg\" alt=\"O Primavera eliminou um dos grandes favoritos, o Fluminense foto:: jornal nova metr\u00f3pole\" width=\"990\" height=\"592\" srcset=\"https:\/\/jornalnovametropole.com.br\/wp\/wp-content\/uploads\/2016\/01\/04-Primavera.jpg 990w, https:\/\/jornalnovametropole.com.br\/wp\/wp-content\/uploads\/2016\/01\/04-Primavera-300x179.jpg 300w\" sizes=\"(max-width: 990px) 100vw, 990px\" \/><\/a><figcaption id=\"caption-attachment-6029\" class=\"wp-caption-text\">O Primavera eliminou um dos grandes favoritos, o Fluminense<br \/>foto:: jornal nova metr\u00f3pole<\/figcaption><\/figure>\n<p>O Esporte Clube Primavera enfrentou em casa o Fluminense (RJ) em confronto pela terceira rodada em fase eliminat\u00f3ria da 47\u00aa Copa S\u00e3o Paulo de Futebol J\u00fanior da S\u00e9rie A3, ontem (8). O placar da partida terminou em 3&#215;2. Com o est\u00e1dio lotado, o time anfitri\u00e3o roubou a cena logo no primeiro tempo, marcando tr\u00eas gols contra um, do advers\u00e1rio. O pr\u00f3ximo jogo acontece segunda-feira, dia 11, na cidade, contra Ava\u00ed (SC) ou \u00c1gua Santa. O hor\u00e1rio ainda n\u00e3o foi definido pela Federa\u00e7\u00e3o Paulista de Futebol (FPF).<br \/>\nO Primavera ganhou o duelo contra o Flu, que aplicou goleada de 10 x 0 sobre o Capivariano e repetiu o placar el\u00e1stico do Coritiba sobre a Uni\u00e3o Barbarense. Mesmo com a goleada, o Flu passou em segundo lugar, com o \u00c1gua Santa em primeiro. Com bom posicionamento dentro de campo, o \u2018Fantasminha da Ituana\u2019 assinalou o primeiro gol em uma jogada oportunista do atacante Goteira. O segundo gol aconteceu em uma cobran\u00e7a de escanteio, pelo zagueiro Maicon. J\u00e1 o terceiro gol foi em uma cobran\u00e7a de p\u00eanalti com categoria por Leonardo \u2018Goteira\u2019.<br \/>\nNo segundo tempo, o entusiasmo do time da Casa continuou mesmo, liderando a partida, apesar dos investimentos ofensivos do Flu, que marcou o segundo gol com o atacante Pedro (artilheiro do campeonato com sete gols). Para o coordenador do Primavera, Renato Creato, ex-t\u00e9cnico da equipe, a partida foi equilibrada, mesmo em momentos de maior iniciativa do time advers\u00e1rio. Em 2001, o time local teve sua fase de gl\u00f3ria: foi campe\u00e3o paulista Sub-20 e conseguiu o terceiro lugar na Ta\u00e7a S\u00e3o Paulo.<br \/>\nAt\u00e9 o momento, 40 times garantiram classifica\u00e7\u00e3o e 16 confrontos eliminat\u00f3rios est\u00e3o definidos. Os grandes favoritos como Corinthians, Santos, Cruzeiro, S\u00e3o Paulo e Flamengo garantiram passaporte para a terceira rodada. Nesta fase, em caso de empate no tempo normal, a defini\u00e7\u00e3o do classificado acontece pela cobran\u00e7a de p\u00eanaltis.<br \/>\nOs donos da casa quebraram o jejum de 12 anos sem sucesso na competi\u00e7\u00e3o, eliminando um dos grandes favoritos na segunda rodada, em um placar surpreendente de 3 a 0 contra o Paran\u00e1 Clube. O diretor da divis\u00e3o de base Sub-20 do Primavera Esporte Clube, professor Luiz Carlos, ressaltou o \u00eaxito do time at\u00e9 agora, diante das dificuldades de se manter o esporte profissional em rela\u00e7\u00e3o ao or\u00e7amento dos grandes clubes. \u201cA chave \u00e9 dif\u00edcil, mas a ideia \u00e9 fazer a diferen\u00e7a no trabalho. Com esp\u00edrito pedag\u00f3gico para o futebol, conseguimos resultados levando o time a passar de fase depois de 12 anos\u201d, disse.<br \/>\nL\u00edder do Grupo 14 e um dos destaques da primeira fase da \u2018Copinha\u2019, o Primavera, vem recebendo sondagens de clubes pela contrata\u00e7\u00e3o de alguns de seus jogadores. Um deles \u00e9 o atacante Leonardo Goteira, que assinalou quatro gols nos tr\u00eas primeiros jogos do time &#8211; um gol de empate com o Boca J\u00fanior (SE), na primeira rodada; na partida seguinte fez mais dois contra o Paran\u00e1 (3 x 0), e marcou outro na vit\u00f3ria sobre o Ava\u00ed (SC), por 2 x 1. Os atacantes, Everton, e Rodolfo, atuando pelo Clube h\u00e1 tr\u00eas anos, tamb\u00e9m se destacaram na competi\u00e7\u00e3o.<br \/>\nO meia Roney, 16, recebeu elogios devido \u00e0 qualidade no passe. \u201cTemos jogadores de alto n\u00edvel e alguns clubes manifestaram interesse em conversar sobre esses atletas. No momento, nosso foco \u00e9 a realiza\u00e7\u00e3o de uma grande campanha\u201d, disse o investidor do clube, Luiz Carlos. O \u2018Fantasminha\u2019 busca um t\u00edtulo in\u00e9dito na competi\u00e7\u00e3o, apesar do favoritismo das grandes equipes. Para conquistar o sonho de chegar \u00e0 grande final disputada no Pacaembu no dia 25, o elenco trabalha duro.<br \/>\nEm termos t\u00e9cnico, t\u00e1tico e f\u00edsico foi muito bem planejado. Os atletas ficaram confinados no Centro de Treinamento Z\u00e9 S\u00e9rgio para a prepara\u00e7\u00e3o do grupo antes do campeonato durante dez dias sob o comando do t\u00e9cnico J\u00falio C\u00e9sar e auxiliar t\u00e9cnico, Elton. Um dos apoios da equipe \u00e9 o ex-jogador de futebol profissional, Gil Lima, agente de futebol e assessor de organiza\u00e7\u00e3o. \u201cNo futebol, quando se encara com profissionalismo e confian\u00e7a, tudo \u00e9 poss\u00edvel\u201d, ressaltou.<br \/>\nA 47\u00aa Copa acontece desde o dia 2 at\u00e9 o dia 25 em v\u00e1rias cidades. A Comiss\u00e3o Organizadora do Primavera Esporte Clube agradece o apoio da Prefeitura, dos secret\u00e1rios municipais, Humberto Pan-<br \/>\nzetti (Esportes), Jos\u00e9 Carlos Selone (Urbanismo e Meio Ambiente), do superintendente do Servi\u00e7o Aut\u00f4nomo de \u00c1gua e Esgotos (Saae), Nilson Gaspar, al\u00e9m dos patrocinadores Col\u00e9gio Meta e parceiros: Marquinhos Tintas, Alji Hotel, Marquinhos Despachante e Juninho Uniformes.<\/p>\n","protected":false},"excerpt":{"rendered":"<p>Com o est\u00e1dio lotado, o time roubou a cena O Esporte Clube Primavera enfrentou em casa o Fluminense (RJ) em<\/p>\n","protected":false},"author":2,"featured_media":6029,"comment_status":"open","ping_status":"open","sticky":false,"template":"","format":"standard","meta":[],"categories":[3],"tags":[1287],"_links":{"self":[{"href":"https:\/\/jornalnovametropole.com.br\/wp\/wp-json\/wp\/v2\/posts\/6028"}],"collection":[{"href":"https:\/\/jornalnovametropole.com.br\/wp\/wp-json\/wp\/v2\/posts"}],"about":[{"href":"https:\/\/jornalnovametropole.com.br\/wp\/wp-json\/wp\/v2\/types\/post"}],"author":[{"embeddable":true,"href":"https:\/\/jornalnovametropole.com.br\/wp\/wp-json\/wp\/v2\/users\/2"}],"replies":[{"embeddable":true,"href":"https:\/\/jornalnovametropole.com.br\/wp\/wp-json\/wp\/v2\/comments?post=6028"}],"version-history":[{"count":1,"href":"https:\/\/jornalnovametropole.com.br\/wp\/wp-json\/wp\/v2\/posts\/6028\/revisions"}],"predecessor-version":[{"id":6030,"href":"https:\/\/jornalnovametropole.com.br\/wp\/wp-json\/wp\/v2\/posts\/6028\/revisions\/6030"}],"wp:featuredmedia":[{"embeddable":true,"href":"https:\/\/jornalnovametropole.com.br\/wp\/wp-json\/wp\/v2\/media\/6029"}],"wp:attachment":[{"href":"https:\/\/jornalnovametropole.com.br\/wp\/wp-json\/wp\/v2\/media?parent=6028"}],"wp:term":[{"taxonomy":"category","embeddable":true,"href":"https:\/\/jornalnovametropole.com.br\/wp\/wp-json\/wp\/v2\/categories?post=6028"},{"taxonomy":"post_tag","embeddable":true,"href":"https:\/\/jornalnovametropole.com.br\/wp\/wp-json\/wp\/v2\/tags?post=6028"}],"curies":[{"name":"wp","href":"https:\/\/api.w.org\/{rel}","templated":true}]}}