{"id":5416,"date":"2015-11-09T12:44:03","date_gmt":"2015-11-09T12:44:03","guid":{"rendered":"http:\/\/jornalnovametropole.com.br\/wp\/?p=5416"},"modified":"2015-11-09T12:44:03","modified_gmt":"2015-11-09T12:44:03","slug":"vara-do-trabalho-muda-de-endereco","status":"publish","type":"post","link":"https:\/\/jornalnovametropole.com.br\/wp\/vara-do-trabalho-muda-de-endereco\/","title":{"rendered":"Vara do Trabalho muda de endere\u00e7o"},"content":{"rendered":"<h3>Cria\u00e7\u00e3o de 2\u00aa Vara na cidade continua em tr\u00e2mite<\/h3>\n<figure id=\"attachment_5417\" aria-describedby=\"caption-attachment-5417\" style=\"width: 903px\" class=\"wp-caption alignnone\"><a href=\"http:\/\/jornalnovametropole.com.br\/wp\/wp-content\/uploads\/2015\/11\/04-Vara-do-Trabalho.jpg\"><img loading=\"lazy\" class=\"size-full wp-image-5417\" src=\"http:\/\/jornalnovametropole.com.br\/wp\/wp-content\/uploads\/2015\/11\/04-Vara-do-Trabalho.jpg\" alt=\"Novo pr\u00e9dio est\u00e1 localizado na Avenida Engenheiro F\u00e1bio Roberto Barnab\u00e9, 3.021, no Jardim Pompeia (em frente ao Parque Mall) Foto: jornal nova metr\u00f3pole\" width=\"903\" height=\"600\" srcset=\"https:\/\/jornalnovametropole.com.br\/wp\/wp-content\/uploads\/2015\/11\/04-Vara-do-Trabalho.jpg 903w, https:\/\/jornalnovametropole.com.br\/wp\/wp-content\/uploads\/2015\/11\/04-Vara-do-Trabalho-300x199.jpg 300w\" sizes=\"(max-width: 903px) 100vw, 903px\" \/><\/a><figcaption id=\"caption-attachment-5417\" class=\"wp-caption-text\">Novo pr\u00e9dio est\u00e1 localizado na Avenida Engenheiro F\u00e1bio Roberto Barnab\u00e9, 3.021, no Jardim Pompeia (em frente ao Parque Mall)<br \/>Foto: jornal nova metr\u00f3pole<\/figcaption><\/figure>\n<p>A mudan\u00e7a da Vara de Indaiatuba do pr\u00e9dio na Avenida Presidente Vargas, 1.578, Cidade Nova I, para o pr\u00e9dio localizado na Avenida Engenheiro F\u00e1bio Roberto Barnab\u00e9, 3.021, no Jardim Pompeia (em frente ao Parque Mall), aconteceu ontem (6).<br \/>\nA Reportagem do Jornal Nova Metr\u00f3pole Indaiatuba acompanha o<br \/>\ncaso desde o m\u00eas de maio, recebendo reclama\u00e7\u00f5es que envolviam atrasos em audi\u00eancias. Na ocasi\u00e3o, dados e pesquisas apontavam a Vara de Indaiatuba como uma das mais superlotadas do Estado. Nomes como o de \u2018Cebolinha\u2019, bem como o Deputado Estadual Rog\u00e9rio Nogueira e o Prefeito da cidade, Reinaldo Nogueira, foram procurados para auxiliar no processo de acelera\u00e7\u00e3o da cria\u00e7\u00e3o da 2\u00aa Vara e tamb\u00e9m da mudan\u00e7a de pr\u00e9dio da atual Vara Trabalhista para o pr\u00e9dio novo, j\u00e1 constru\u00eddo, por\u00e9m se encontrava desocupado por conta de burocracia.<\/p>\n<p>2\u00aa VARA<br \/>\nNo dia 24 de junho o Jornal Nova Metr\u00f3pole Indaiatuba recebeu um Of\u00edcio do Desembargador Presidente do Tribunal Regional do Trabalho da 15\u00aa Regi\u00e3o, Lorival Ferreira dos Santos, respondendo a mo\u00e7\u00e3o de apoio do Presidente da C\u00e2mara Municipal de Vereadores de Indaiatuba, Luiz Alberto Pereira &#8211; \u2018Cebolinha\u2019 que foi enviada no dia 25 de maio pedindo a instala\u00e7\u00e3o de uma segunda Vara do Trabalho para o Munic\u00edpio.<br \/>\n\u201cEncontra-se em tramita\u00e7\u00e3o no Conselho Superior de Justi\u00e7a do Trabalho o Processo n\u00ba CSJT-AL 8113-35.2011.5.90.000 (Parecer de m\u00e9rito n\u00ba 0001758-24.2012.2.00.0000) que, em s\u00edntese, disp\u00f5e sobre a cria\u00e7\u00e3o de 33 Varas do Trabalho com 66 cargos de magistrados, 47 cargos em comiss\u00e3o e 255 fun\u00e7\u00f5es comissionadas, sendo que dentre as 33 Varas propostas se encontra prevista a cria\u00e7\u00e3o da 2\u00aa Vara Trabalhista do munic\u00edpio de Indaiatuba\u201d, informa o Desembargador.<br \/>\nDe acordo com o documento, o doutor Lorival afirma que o Tribunal est\u00e1 aguardando nova an\u00e1lise da mat\u00e9ria pelos \u00f3rg\u00e3os superiores, \u201cvisando ao futuro envio do Anteprojeto de Lei ao Congresso Nacional\u201d.<\/p>\n","protected":false},"excerpt":{"rendered":"<p>Cria\u00e7\u00e3o de 2\u00aa Vara na cidade continua em tr\u00e2mite A mudan\u00e7a da Vara de Indaiatuba do pr\u00e9dio na Avenida Presidente<\/p>\n","protected":false},"author":2,"featured_media":5417,"comment_status":"open","ping_status":"open","sticky":false,"template":"","format":"standard","meta":[],"categories":[3],"tags":[1154],"_links":{"self":[{"href":"https:\/\/jornalnovametropole.com.br\/wp\/wp-json\/wp\/v2\/posts\/5416"}],"collection":[{"href":"https:\/\/jornalnovametropole.com.br\/wp\/wp-json\/wp\/v2\/posts"}],"about":[{"href":"https:\/\/jornalnovametropole.com.br\/wp\/wp-json\/wp\/v2\/types\/post"}],"author":[{"embeddable":true,"href":"https:\/\/jornalnovametropole.com.br\/wp\/wp-json\/wp\/v2\/users\/2"}],"replies":[{"embeddable":true,"href":"https:\/\/jornalnovametropole.com.br\/wp\/wp-json\/wp\/v2\/comments?post=5416"}],"version-history":[{"count":1,"href":"https:\/\/jornalnovametropole.com.br\/wp\/wp-json\/wp\/v2\/posts\/5416\/revisions"}],"predecessor-version":[{"id":5418,"href":"https:\/\/jornalnovametropole.com.br\/wp\/wp-json\/wp\/v2\/posts\/5416\/revisions\/5418"}],"wp:featuredmedia":[{"embeddable":true,"href":"https:\/\/jornalnovametropole.com.br\/wp\/wp-json\/wp\/v2\/media\/5417"}],"wp:attachment":[{"href":"https:\/\/jornalnovametropole.com.br\/wp\/wp-json\/wp\/v2\/media?parent=5416"}],"wp:term":[{"taxonomy":"category","embeddable":true,"href":"https:\/\/jornalnovametropole.com.br\/wp\/wp-json\/wp\/v2\/categories?post=5416"},{"taxonomy":"post_tag","embeddable":true,"href":"https:\/\/jornalnovametropole.com.br\/wp\/wp-json\/wp\/v2\/tags?post=5416"}],"curies":[{"name":"wp","href":"https:\/\/api.w.org\/{rel}","templated":true}]}}