{"id":5249,"date":"2015-10-26T11:34:08","date_gmt":"2015-10-26T11:34:08","guid":{"rendered":"http:\/\/jornalnovametropole.com.br\/wp\/?p=5249"},"modified":"2015-10-26T11:34:08","modified_gmt":"2015-10-26T11:34:08","slug":"colegio-apresenta-diversidade-cultural","status":"publish","type":"post","link":"https:\/\/jornalnovametropole.com.br\/wp\/colegio-apresenta-diversidade-cultural\/","title":{"rendered":"Col\u00e9gio apresenta diversidade cultural"},"content":{"rendered":"<figure id=\"attachment_5250\" aria-describedby=\"caption-attachment-5250\" style=\"width: 899px\" class=\"wp-caption alignnone\"><a href=\"http:\/\/jornalnovametropole.com.br\/wp\/wp-content\/uploads\/2015\/10\/11-Rodin.jpg\"><img loading=\"lazy\" class=\"size-full wp-image-5250\" src=\"http:\/\/jornalnovametropole.com.br\/wp\/wp-content\/uploads\/2015\/10\/11-Rodin.jpg\" alt=\"1\u00aa Edi\u00e7\u00e3o do Sarau Cultural do Rodin Foto: divulga\u00e7\u00e3o\" width=\"899\" height=\"600\" srcset=\"https:\/\/jornalnovametropole.com.br\/wp\/wp-content\/uploads\/2015\/10\/11-Rodin.jpg 899w, https:\/\/jornalnovametropole.com.br\/wp\/wp-content\/uploads\/2015\/10\/11-Rodin-300x200.jpg 300w\" sizes=\"(max-width: 899px) 100vw, 899px\" \/><\/a><figcaption id=\"caption-attachment-5250\" class=\"wp-caption-text\">1\u00aa Edi\u00e7\u00e3o do Sarau Cultural do Rodin<br \/>Foto: divulga\u00e7\u00e3o<\/figcaption><\/figure>\n<p>Depois do sucesso da 1\u00aa edi\u00e7\u00e3o, realizada no ano passado, o Col\u00e9gio Rodin, traz ao p\u00fablico a 2\u00aa edi\u00e7\u00e3o do Sarau Rodin, que acontece na ter\u00e7a-feira, dia 27, a partir das 19h, no col\u00e9gio.<br \/>\nO tema deste ano ser\u00e1 \u2018Regionalismo: Arte e Resist\u00eancia no Brasil\u2019. Alunos do Ensino Fundamental e M\u00e9dio, al\u00e9m de convidados, v\u00e3o retratar a diversidade brasileira e a perseveran\u00e7a da arte e cultura nacionais em meio \u00e0 massifica\u00e7\u00e3o de outras culturas. Ser\u00e3o realizadas apresenta\u00e7\u00f5es de dan\u00e7a ga\u00facha, capoeira, forr\u00f3 e samba de gafieira, al\u00e9m de m\u00fasicas de artistas nacionais, declama\u00e7\u00e3o de poesias e encena\u00e7\u00e3o das pe\u00e7as \u2018S\u00edtio do Pica-Pau Amarelo\u2019, de Monteiro Lobato e \u2018O Auto da Compadecida\u2019, de Ariano Suassuna.<br \/>\nO idealizador do evento, Emerson Bastos, explica que o intuito do Sarau Rodin \u00e9 propiciar aos alunos e participantes o contato com elementos que comp\u00f5em a rica cultura do Brasil, valorizando h\u00e1bitos e mantendo acesa a mem\u00f3ria popular.<br \/>\nOs ingressos para o 2\u00ba Sarau Rodin podem ser adquiridos antecipadamente na secret\u00e1ria do Col\u00e9gio ou no dia do evento. A aquisi\u00e7\u00e3o est\u00e1 condicionada \u00e0 doa\u00e7\u00e3o de 1 kg de alimento n\u00e3o perec\u00edvel ou 1 litro de leite. Todos os donativos ser\u00e3o destinados para a Associa\u00e7\u00e3o Ituana de Assist\u00eancia aos Deficientes Visuais (AIADV), que acolhe crian\u00e7as, adolescentes e adultos com defici\u00eancias<br \/>\nvisuais.<\/p>\n","protected":false},"excerpt":{"rendered":"<p>Depois do sucesso da 1\u00aa edi\u00e7\u00e3o, realizada no ano passado, o Col\u00e9gio Rodin, traz ao p\u00fablico a 2\u00aa edi\u00e7\u00e3o do<\/p>\n","protected":false},"author":2,"featured_media":5250,"comment_status":"open","ping_status":"open","sticky":false,"template":"","format":"standard","meta":[],"categories":[3],"tags":[443],"_links":{"self":[{"href":"https:\/\/jornalnovametropole.com.br\/wp\/wp-json\/wp\/v2\/posts\/5249"}],"collection":[{"href":"https:\/\/jornalnovametropole.com.br\/wp\/wp-json\/wp\/v2\/posts"}],"about":[{"href":"https:\/\/jornalnovametropole.com.br\/wp\/wp-json\/wp\/v2\/types\/post"}],"author":[{"embeddable":true,"href":"https:\/\/jornalnovametropole.com.br\/wp\/wp-json\/wp\/v2\/users\/2"}],"replies":[{"embeddable":true,"href":"https:\/\/jornalnovametropole.com.br\/wp\/wp-json\/wp\/v2\/comments?post=5249"}],"version-history":[{"count":1,"href":"https:\/\/jornalnovametropole.com.br\/wp\/wp-json\/wp\/v2\/posts\/5249\/revisions"}],"predecessor-version":[{"id":5251,"href":"https:\/\/jornalnovametropole.com.br\/wp\/wp-json\/wp\/v2\/posts\/5249\/revisions\/5251"}],"wp:featuredmedia":[{"embeddable":true,"href":"https:\/\/jornalnovametropole.com.br\/wp\/wp-json\/wp\/v2\/media\/5250"}],"wp:attachment":[{"href":"https:\/\/jornalnovametropole.com.br\/wp\/wp-json\/wp\/v2\/media?parent=5249"}],"wp:term":[{"taxonomy":"category","embeddable":true,"href":"https:\/\/jornalnovametropole.com.br\/wp\/wp-json\/wp\/v2\/categories?post=5249"},{"taxonomy":"post_tag","embeddable":true,"href":"https:\/\/jornalnovametropole.com.br\/wp\/wp-json\/wp\/v2\/tags?post=5249"}],"curies":[{"name":"wp","href":"https:\/\/api.w.org\/{rel}","templated":true}]}}