{"id":5051,"date":"2015-10-05T11:48:02","date_gmt":"2015-10-05T11:48:02","guid":{"rendered":"http:\/\/jornalnovametropole.com.br\/wp\/?p=5051"},"modified":"2015-10-05T11:48:02","modified_gmt":"2015-10-05T11:48:02","slug":"energia-2","status":"publish","type":"post","link":"https:\/\/jornalnovametropole.com.br\/wp\/energia-2\/","title":{"rendered":"Energia"},"content":{"rendered":"<figure id=\"attachment_5052\" aria-describedby=\"caption-attachment-5052\" style=\"width: 585px\" class=\"wp-caption alignnone\"><a href=\"http:\/\/jornalnovametropole.com.br\/wp\/wp-content\/uploads\/2015\/10\/10-nota.jpg\"><img loading=\"lazy\" class=\"size-full wp-image-5052\" src=\"http:\/\/jornalnovametropole.com.br\/wp\/wp-content\/uploads\/2015\/10\/10-nota.jpg\" alt=\"Foto: divulga\u00e7\u00e3o\" width=\"585\" height=\"500\" srcset=\"https:\/\/jornalnovametropole.com.br\/wp\/wp-content\/uploads\/2015\/10\/10-nota.jpg 585w, https:\/\/jornalnovametropole.com.br\/wp\/wp-content\/uploads\/2015\/10\/10-nota-300x256.jpg 300w\" sizes=\"(max-width: 585px) 100vw, 585px\" \/><\/a><figcaption id=\"caption-attachment-5052\" class=\"wp-caption-text\">Foto: divulga\u00e7\u00e3o<\/figcaption><\/figure>\n<p>O consumo de energia el\u00e9trica recuou 2,1% em agosto em rela\u00e7\u00e3o a igual per\u00edodo do ano passado, informou na quarta-feira, (30), a Empresa de Pesquisa Energ\u00e9tica (EPE). Com isso, o consumo de energia j\u00e1 acumula retra\u00e7\u00e3o de 1,5% no ano e queda de 0,4% nos \u00faltimos 12 meses.<\/p>\n","protected":false},"excerpt":{"rendered":"<p>O consumo de energia el\u00e9trica recuou 2,1% em agosto em rela\u00e7\u00e3o a igual per\u00edodo do ano passado, informou na quarta-feira,<\/p>\n","protected":false},"author":2,"featured_media":5052,"comment_status":"open","ping_status":"open","sticky":false,"template":"","format":"standard","meta":[],"categories":[16],"tags":[278],"_links":{"self":[{"href":"https:\/\/jornalnovametropole.com.br\/wp\/wp-json\/wp\/v2\/posts\/5051"}],"collection":[{"href":"https:\/\/jornalnovametropole.com.br\/wp\/wp-json\/wp\/v2\/posts"}],"about":[{"href":"https:\/\/jornalnovametropole.com.br\/wp\/wp-json\/wp\/v2\/types\/post"}],"author":[{"embeddable":true,"href":"https:\/\/jornalnovametropole.com.br\/wp\/wp-json\/wp\/v2\/users\/2"}],"replies":[{"embeddable":true,"href":"https:\/\/jornalnovametropole.com.br\/wp\/wp-json\/wp\/v2\/comments?post=5051"}],"version-history":[{"count":1,"href":"https:\/\/jornalnovametropole.com.br\/wp\/wp-json\/wp\/v2\/posts\/5051\/revisions"}],"predecessor-version":[{"id":5053,"href":"https:\/\/jornalnovametropole.com.br\/wp\/wp-json\/wp\/v2\/posts\/5051\/revisions\/5053"}],"wp:featuredmedia":[{"embeddable":true,"href":"https:\/\/jornalnovametropole.com.br\/wp\/wp-json\/wp\/v2\/media\/5052"}],"wp:attachment":[{"href":"https:\/\/jornalnovametropole.com.br\/wp\/wp-json\/wp\/v2\/media?parent=5051"}],"wp:term":[{"taxonomy":"category","embeddable":true,"href":"https:\/\/jornalnovametropole.com.br\/wp\/wp-json\/wp\/v2\/categories?post=5051"},{"taxonomy":"post_tag","embeddable":true,"href":"https:\/\/jornalnovametropole.com.br\/wp\/wp-json\/wp\/v2\/tags?post=5051"}],"curies":[{"name":"wp","href":"https:\/\/api.w.org\/{rel}","templated":true}]}}