{"id":5019,"date":"2015-10-05T11:25:13","date_gmt":"2015-10-05T11:25:13","guid":{"rendered":"http:\/\/jornalnovametropole.com.br\/wp\/?p=5019"},"modified":"2015-10-05T11:25:13","modified_gmt":"2015-10-05T11:25:13","slug":"prefeito-laercio-betarelli-morre-baleado","status":"publish","type":"post","link":"https:\/\/jornalnovametropole.com.br\/wp\/prefeito-laercio-betarelli-morre-baleado\/","title":{"rendered":"Prefeito La\u00e9rcio Betarelli morre baleado"},"content":{"rendered":"<h3>O crime aconteceu na sexta-feira (2)<\/h3>\n<p>De acordo com informa\u00e7\u00f5es da Pol\u00edcia Civil e da Guarda Civil Municipal (GCM), o prefeito de Elias Fausto, La\u00e9rcio Betarelli (PSDB), 58 anos, morreu baleado na manh\u00e3 de ontem (2).<br \/>\nO crime aconteceu na Rua Amadeu Patelli, no bairro Carim\u00e3. O prefeito estaria sozinho no momento dos fatos, visitando uma obra de canaliza\u00e7\u00e3o de um c\u00f3rrego, quando uma caminhonete teria se aproximado e o suspeito teria efetuado os disparos.<br \/>\nPerto das 10h30, de acordo com a GCM, o corpo ainda estava no local e, apesar de a \u00e1rea estar isolada, a popula\u00e7\u00e3o se aglomerava para observar a cena. Policiais falam sobre tr\u00eas tiros que teriam causado o \u00f3bito, mas sites de not\u00edcias falam sobre \u2018Dude\u2019 ter sido alvejado com cinco disparos de arma de fogo.<br \/>\nLogo ap\u00f3s a not\u00edcia, muitas pessoas lamentaram a morte do prefeito nas redes sociais. \u201cQue Deus venha a confortar a fam\u00edlia do nosso amigo que se foi e vai deixar saudades. Meus sentimentos a toda fam\u00edlia, estaremos orando por todos\u201d, comentou um morador.<br \/>\nEstar sozinho no local seria um h\u00e1bito do prefeito, conforme informa\u00e7\u00f5es da GCM. A corpora\u00e7\u00e3o informou que grande parte do efetivo estava fora da cidade, em um curso na cidade de Capivari.<br \/>\n\u2018Dude\u2019 nasceu no dia 13 de fevereiro, na cidade de Monte Mor. Em 2012, foi eleito para seu terceiro mandato em Elias Fausto com 67% dos votos, o que representa 6,7 mil eleitores. At\u00e9 o fechamento desta edi\u00e7\u00e3o, nenhum suspeito havia sido localizado.<\/p>\n","protected":false},"excerpt":{"rendered":"<p>O crime aconteceu na sexta-feira (2) De acordo com informa\u00e7\u00f5es da Pol\u00edcia Civil e da Guarda Civil Municipal (GCM), o<\/p>\n","protected":false},"author":2,"featured_media":0,"comment_status":"open","ping_status":"open","sticky":false,"template":"","format":"standard","meta":[],"categories":[3],"tags":[777],"_links":{"self":[{"href":"https:\/\/jornalnovametropole.com.br\/wp\/wp-json\/wp\/v2\/posts\/5019"}],"collection":[{"href":"https:\/\/jornalnovametropole.com.br\/wp\/wp-json\/wp\/v2\/posts"}],"about":[{"href":"https:\/\/jornalnovametropole.com.br\/wp\/wp-json\/wp\/v2\/types\/post"}],"author":[{"embeddable":true,"href":"https:\/\/jornalnovametropole.com.br\/wp\/wp-json\/wp\/v2\/users\/2"}],"replies":[{"embeddable":true,"href":"https:\/\/jornalnovametropole.com.br\/wp\/wp-json\/wp\/v2\/comments?post=5019"}],"version-history":[{"count":1,"href":"https:\/\/jornalnovametropole.com.br\/wp\/wp-json\/wp\/v2\/posts\/5019\/revisions"}],"predecessor-version":[{"id":5020,"href":"https:\/\/jornalnovametropole.com.br\/wp\/wp-json\/wp\/v2\/posts\/5019\/revisions\/5020"}],"wp:attachment":[{"href":"https:\/\/jornalnovametropole.com.br\/wp\/wp-json\/wp\/v2\/media?parent=5019"}],"wp:term":[{"taxonomy":"category","embeddable":true,"href":"https:\/\/jornalnovametropole.com.br\/wp\/wp-json\/wp\/v2\/categories?post=5019"},{"taxonomy":"post_tag","embeddable":true,"href":"https:\/\/jornalnovametropole.com.br\/wp\/wp-json\/wp\/v2\/tags?post=5019"}],"curies":[{"name":"wp","href":"https:\/\/api.w.org\/{rel}","templated":true}]}}