{"id":4813,"date":"2015-09-14T11:31:26","date_gmt":"2015-09-14T11:31:26","guid":{"rendered":"http:\/\/jornalnovametropole.com.br\/wp\/?p=4813"},"modified":"2015-09-14T11:31:26","modified_gmt":"2015-09-14T11:31:26","slug":"edital-de-convocacao-para-provas-praticas-e-divulgado","status":"publish","type":"post","link":"https:\/\/jornalnovametropole.com.br\/wp\/edital-de-convocacao-para-provas-praticas-e-divulgado\/","title":{"rendered":"Edital de Convoca\u00e7\u00e3o para provas pr\u00e1ticas \u00e9 divulgado"},"content":{"rendered":"<h3>Provas pr\u00e1ticas devem acontecer no domingo, dia 20<\/h3>\n<figure id=\"attachment_4814\" aria-describedby=\"caption-attachment-4814\" style=\"width: 750px\" class=\"wp-caption alignnone\"><a href=\"http:\/\/jornalnovametropole.com.br\/wp\/wp-content\/uploads\/2015\/09\/06-Concurso.jpg\"><img loading=\"lazy\" class=\"size-full wp-image-4814\" src=\"http:\/\/jornalnovametropole.com.br\/wp\/wp-content\/uploads\/2015\/09\/06-Concurso.jpg\" alt=\"Tamb\u00e9m j\u00e1 est\u00e1 dispon\u00edvel classifica\u00e7\u00e3o final das provas objetivas com nota de corte que pode ser consultado no site do Instituto Brio Foto: Arquivo \u2013 Eliandro Figueira \u2013 SCS\/PMI\" width=\"750\" height=\"500\" srcset=\"https:\/\/jornalnovametropole.com.br\/wp\/wp-content\/uploads\/2015\/09\/06-Concurso.jpg 750w, https:\/\/jornalnovametropole.com.br\/wp\/wp-content\/uploads\/2015\/09\/06-Concurso-300x200.jpg 300w\" sizes=\"(max-width: 750px) 100vw, 750px\" \/><\/a><figcaption id=\"caption-attachment-4814\" class=\"wp-caption-text\">Tamb\u00e9m j\u00e1 est\u00e1 dispon\u00edvel classifica\u00e7\u00e3o final das provas objetivas com nota de corte que pode ser consultado no site do Instituto Brio<br \/>Foto: Arquivo \u2013 Eliandro Figueira \u2013 SCS\/PMI<\/figcaption><\/figure>\n<p>A Prefeitura Municipal de Indaiatuba, atrav\u00e9s da Secretaria Municipal de Administra\u00e7\u00e3o, informa que j\u00e1 est\u00e3o dispon\u00edveis para consulta o edital de convoca\u00e7\u00e3o para as provas pr\u00e1ticas e a classifica\u00e7\u00e3o final das provas objetivas incluindo a nota de corte para os candidatos do Concurso P\u00fablico n\u00ba 01\/2015. Os documentos podem ser acessados no site do Instituto Brio Conhecimentos (www.institutobrio.org.br) e tamb\u00e9m foram publicados na Imprensa Oficial do Munic\u00edpio n\u00ba 0890 de 28 de agosto de 2015, com vers\u00e3o online na p\u00e1gina www.indaiatuba.sp.gov.br\/comunicacao\/imprensa-oficial\/edicoes\/ . Informa\u00e7\u00f5es podem ser obtidas pelo telefone (11) 2715-6828 e no e-mail atendimento@institutobrio.org.br.<br \/>\nConforme o edital de convoca\u00e7\u00e3o, as provas pr\u00e1ticas acontecem no domingo, dia 20, com hor\u00e1rio e local definidos conforme o cargo, citado abaixo:<\/p>\n<p>convoca\u00e7\u00e3o<\/p>\n<p>1.02 \u2013 Operador de m\u00e1quinas \u2013 Patrol \u2013 1\u00ba ao 10\u00ba classificado \u2013 8h \u2013 P\u00e1tio de manuten\u00e7\u00e3o da Prefeitura (Rua J\u00falio Luis Escodro, s\/n \u2013 Jardim Regina \u2013 atr\u00e1s do Pa\u00e7o Municipal)<br \/>\n1.03 \u2013 Guarda-vidas \u2013 1\u00ba ao 9\u00ba classificado \u2013 8h \u2013 Centro Esportivo Parque Corolla (Rua Serafim Gilberto Candello, s\/n \u2013 Jardim Morada do Sol)<br \/>\n2.07 \u2013 Guarda Civil feminino \u2013 1\u00ba ao 60\u00ba classificado \u2013 8h \u2013 Centro Esportivo do Trabalhador (Av. Concei\u00e7\u00e3o, 1.885 \u2013 Vila Maria Helena)<br \/>\n2.08 \u2013 Guarda Civil masculino \u2013 1\u00ba ao 163\u00ba classificado \u2013 8h &#8211; Centro Esportivo do Trabalhador (Av. Concei\u00e7\u00e3o, 1.885 \u2013 Vila Maria Helena)<br \/>\n3.13 \u2013 Professor Docente I \u2013 1\u00ba ao 156\u00ba classificado \u2013 7h30 \u2013 Fiec (Av. Eng. F\u00e1bio Roberto Barnab\u00e9, 3.405 \u2013 Jardim Regina)<br \/>\n3.13 \u2013 Professor Docente I \u2013 157\u00ba ao 312\u00ba classificado \u2013 9h20 &#8211; Fiec (Av. Eng. F\u00e1bio Roberto Barnab\u00e9, 3.405 \u2013 Jardim Regina)<br \/>\n3.13 \u2013 Professor Docente I \u2013 313\u00ba ao 362\u00ba classificado &#8211; Fiec (Av. Eng. F\u00e1bio Roberto Barnab\u00e9, 3.405 \u2013 Jardim Regina)<br \/>\n3.14 \u2013 Professor Docente I \u2013 Educa\u00e7\u00e3o F\u00edsica \u2013 1\u00ba ao 58\u00ba classificado \u2013 11h20 &#8211; Fiec (Av. Eng. F\u00e1bio Roberto Barnab\u00e9, 3.405 \u2013 Jardim Regina)<br \/>\n3.15 \u2013 Professor Docente I \u2013 Educa\u00e7\u00e3o Art\u00edstica \u2013 1\u00ba ao 48\u00ba classificado \u2013 11h20 &#8211; Fiec (Av. Eng. F\u00e1bio Roberto Barnab\u00e9, 3.405 \u2013 Jardim Regina)<br \/>\n3.15 \u2013 Professor Docente I \u2013 Educa\u00e7\u00e3o Art\u00edstica \u2013 49\u00ba ao 54\u00ba classificado \u2013 13h10 &#8211; Fiec (Av. Eng. F\u00e1bio Roberto Barnab\u00e9, 3.405 \u2013 Jardim Regina)<br \/>\n3.16 \u2013 Professor Docente I \u2013 Educa\u00e7\u00e3o Inclusiva \u2013 1\u00ba ao 50\u00ba classificado \u2013 13h10 &#8211; Fiec (Av. Eng. F\u00e1bio Roberto Barnab\u00e9, 3.405 \u2013 Jardim Regina)<\/p>\n<p>A classifica\u00e7\u00e3o final dos cargos que n\u00e3o possuem prova pr\u00e1tica j\u00e1 foi homologada, a saber 1.01 \u2013 Agente de Suporte Operacional \u2013 Feminino, 1.04 \u2013 Motorista, 2.01 \u2013 Agente Fiscal Municipal, 2.02 \u2013 Assistente de Administra\u00e7\u00e3o e Servi\u00e7os P\u00fablicos \u2013 Geral, 2.03 \u2013 Assistente de Administra\u00e7\u00e3o e Servi\u00e7os P\u00fablicos \u2013 Inspetor de Alunos, 2.04 \u2013 Assistente de Administra\u00e7\u00e3o e Servi\u00e7os P\u00fablicos \u2013 Oficial de Escola, 2.05 \u2013 Auxiliar de Desenvolvimento Educacional \u2013 Feminino, 2.06 \u2013 Auxiliar de Servi\u00e7os de Sa\u00fade, 2.09 \u2013 Supervisor T\u00e9cnico e de Servi\u00e7os Administrativos \u2013 Secret\u00e1rio de Escola, 2.10 \u2013 T\u00e9cnico em Agrimensura, 2.11 \u2013 T\u00e9cnico em Edifica\u00e7\u00f5es, 2.12 \u2013 T\u00e9cnico de Enfermagem, 2.13 \u2013 T\u00e9cnico em Hardware, 2.14 \u2013 T\u00e9cnico de Laborat\u00f3rio, 2.15 \u2013 T\u00e9cnico de Seguran\u00e7a do Trabalho, 2.16 \u2013 Supervisor de Sa\u00fade, 3.01 \u2013 Assistente Social, 3.02 \u2013 Arquiteto, 3.03 \u2013 Analista Cl\u00ednico, 3.04 \u2013 Contador, 3.05 \u2013 Enfermeiro, 3.06 \u2013 Engenheiro Civil, 3.07 \u2013 Especialista de Tecnologia da Informa\u00e7\u00e3o, 3.08 \u2013 Fonoaudi\u00f3logo Escolar, 3.09 \u2013 Psic\u00f3logo, 3.10 \u2013 Psic\u00f3logo Escolar, 3.11 \u2013 T\u00e9cnico de Servi\u00e7os Administrativos, 3.12 \u2013 Profissional de Educa\u00e7\u00e3o F\u00edsica e 3.17 \u2013 Nutricionista.<\/p>\n<p>&nbsp;<\/p>\n","protected":false},"excerpt":{"rendered":"<p>Provas pr\u00e1ticas devem acontecer no domingo, dia 20 A Prefeitura Municipal de Indaiatuba, atrav\u00e9s da Secretaria Municipal de Administra\u00e7\u00e3o, informa<\/p>\n","protected":false},"author":2,"featured_media":4814,"comment_status":"open","ping_status":"open","sticky":false,"template":"","format":"standard","meta":[],"categories":[3],"tags":[79],"_links":{"self":[{"href":"https:\/\/jornalnovametropole.com.br\/wp\/wp-json\/wp\/v2\/posts\/4813"}],"collection":[{"href":"https:\/\/jornalnovametropole.com.br\/wp\/wp-json\/wp\/v2\/posts"}],"about":[{"href":"https:\/\/jornalnovametropole.com.br\/wp\/wp-json\/wp\/v2\/types\/post"}],"author":[{"embeddable":true,"href":"https:\/\/jornalnovametropole.com.br\/wp\/wp-json\/wp\/v2\/users\/2"}],"replies":[{"embeddable":true,"href":"https:\/\/jornalnovametropole.com.br\/wp\/wp-json\/wp\/v2\/comments?post=4813"}],"version-history":[{"count":1,"href":"https:\/\/jornalnovametropole.com.br\/wp\/wp-json\/wp\/v2\/posts\/4813\/revisions"}],"predecessor-version":[{"id":4815,"href":"https:\/\/jornalnovametropole.com.br\/wp\/wp-json\/wp\/v2\/posts\/4813\/revisions\/4815"}],"wp:featuredmedia":[{"embeddable":true,"href":"https:\/\/jornalnovametropole.com.br\/wp\/wp-json\/wp\/v2\/media\/4814"}],"wp:attachment":[{"href":"https:\/\/jornalnovametropole.com.br\/wp\/wp-json\/wp\/v2\/media?parent=4813"}],"wp:term":[{"taxonomy":"category","embeddable":true,"href":"https:\/\/jornalnovametropole.com.br\/wp\/wp-json\/wp\/v2\/categories?post=4813"},{"taxonomy":"post_tag","embeddable":true,"href":"https:\/\/jornalnovametropole.com.br\/wp\/wp-json\/wp\/v2\/tags?post=4813"}],"curies":[{"name":"wp","href":"https:\/\/api.w.org\/{rel}","templated":true}]}}