{"id":4598,"date":"2015-08-31T11:17:08","date_gmt":"2015-08-31T11:17:08","guid":{"rendered":"http:\/\/jornalnovametropole.com.br\/wp\/?p=4598"},"modified":"2015-08-31T11:17:08","modified_gmt":"2015-08-31T11:17:08","slug":"ciaspe-realiza-palestras","status":"publish","type":"post","link":"https:\/\/jornalnovametropole.com.br\/wp\/ciaspe-realiza-palestras\/","title":{"rendered":"Ciaspe realiza palestras"},"content":{"rendered":"<p>A Prefeitura de Indaiatuba, por meio da Secretaria da Fam\u00edlia e do Bem Estar Social, apoia a 1\u00aa Semana da Inclus\u00e3o de Indaiatuba promovida pelo Centro de Inclus\u00e3o e Assist\u00eancia \u00e0s Pessoas com Necessidades Especiais (Ciaspe). O evento ser\u00e1 de 28 de agosto a 3 de setembro com atividades diversificadas como palestras e workshops voltadas para profissionais das \u00e1reas de educa\u00e7\u00e3o, sa\u00fade e assist\u00eancia social, bem como \u00e0 popula\u00e7\u00e3o em geral. Nesta semana a programa\u00e7\u00e3o foi anunciada em coletiva de imprensa com a presen\u00e7a do vice-prefeito Ant\u00f4nio Carlos Pinheiro (PTB); do secret\u00e1rio da Fam\u00edlia e do Bem Estar Social, Luiz Henrique Furlan e do secret\u00e1rio de Comunica\u00e7\u00e3o, Odair Gon\u00e7alves.<br \/>\nAs inscri\u00e7\u00f5es para as palestras est\u00e3o abertas e dever\u00e3o ser efetuadas por meio do e-mail semanadainclusao@terra.com.br, bastando informar qual \u00e9 a palestra desejada, nome do interessado, RG, profiss\u00e3o e um telefone para contato. No dia das palestras tamb\u00e9m poder\u00e3o ser feitas inscri\u00e7\u00f5es, mas sujeitas a exist\u00eancia de vagas. Mais informa\u00e7\u00f5es pelo telefone (19) 3894-5351.<\/p>\n","protected":false},"excerpt":{"rendered":"<p>A Prefeitura de Indaiatuba, por meio da Secretaria da Fam\u00edlia e do Bem Estar Social, apoia a 1\u00aa Semana da<\/p>\n","protected":false},"author":2,"featured_media":0,"comment_status":"open","ping_status":"open","sticky":false,"template":"","format":"standard","meta":[],"categories":[3],"tags":[1005],"_links":{"self":[{"href":"https:\/\/jornalnovametropole.com.br\/wp\/wp-json\/wp\/v2\/posts\/4598"}],"collection":[{"href":"https:\/\/jornalnovametropole.com.br\/wp\/wp-json\/wp\/v2\/posts"}],"about":[{"href":"https:\/\/jornalnovametropole.com.br\/wp\/wp-json\/wp\/v2\/types\/post"}],"author":[{"embeddable":true,"href":"https:\/\/jornalnovametropole.com.br\/wp\/wp-json\/wp\/v2\/users\/2"}],"replies":[{"embeddable":true,"href":"https:\/\/jornalnovametropole.com.br\/wp\/wp-json\/wp\/v2\/comments?post=4598"}],"version-history":[{"count":1,"href":"https:\/\/jornalnovametropole.com.br\/wp\/wp-json\/wp\/v2\/posts\/4598\/revisions"}],"predecessor-version":[{"id":4599,"href":"https:\/\/jornalnovametropole.com.br\/wp\/wp-json\/wp\/v2\/posts\/4598\/revisions\/4599"}],"wp:attachment":[{"href":"https:\/\/jornalnovametropole.com.br\/wp\/wp-json\/wp\/v2\/media?parent=4598"}],"wp:term":[{"taxonomy":"category","embeddable":true,"href":"https:\/\/jornalnovametropole.com.br\/wp\/wp-json\/wp\/v2\/categories?post=4598"},{"taxonomy":"post_tag","embeddable":true,"href":"https:\/\/jornalnovametropole.com.br\/wp\/wp-json\/wp\/v2\/tags?post=4598"}],"curies":[{"name":"wp","href":"https:\/\/api.w.org\/{rel}","templated":true}]}}