{"id":4306,"date":"2015-08-03T11:16:52","date_gmt":"2015-08-03T11:16:52","guid":{"rendered":"http:\/\/jornalnovametropole.com.br\/wp\/?p=4306"},"modified":"2015-08-03T11:16:52","modified_gmt":"2015-08-03T11:16:52","slug":"sobrenatural-a-origem","status":"publish","type":"post","link":"https:\/\/jornalnovametropole.com.br\/wp\/sobrenatural-a-origem\/","title":{"rendered":"Sobrenatural &#8211; A Origem"},"content":{"rendered":"<h3>Pai e filha s\u00e3o aterrorizados por entidades paranormais<\/h3>\n<figure id=\"attachment_4307\" aria-describedby=\"caption-attachment-4307\" style=\"width: 750px\" class=\"wp-caption alignnone\"><a href=\"http:\/\/jornalnovametropole.com.br\/wp\/wp-content\/uploads\/2015\/08\/16-Sobrenatural.jpg\"><img loading=\"lazy\" class=\"size-full wp-image-4307\" src=\"http:\/\/jornalnovametropole.com.br\/wp\/wp-content\/uploads\/2015\/08\/16-Sobrenatural.jpg\" alt=\"O terceiro filme \u00e9 um prel\u00fadio focado na hist\u00f3ria de outra fam\u00edlia. Sean Brenner e a filha Quinn s\u00e3o aterrorizados por entidades misteriosas Foto: \" width=\"750\" height=\"500\" srcset=\"https:\/\/jornalnovametropole.com.br\/wp\/wp-content\/uploads\/2015\/08\/16-Sobrenatural.jpg 750w, https:\/\/jornalnovametropole.com.br\/wp\/wp-content\/uploads\/2015\/08\/16-Sobrenatural-300x200.jpg 300w\" sizes=\"(max-width: 750px) 100vw, 750px\" \/><\/a><figcaption id=\"caption-attachment-4307\" class=\"wp-caption-text\">O terceiro filme \u00e9 um prel\u00fadio focado na hist\u00f3ria de outra fam\u00edlia. Sean Brenner e a filha Quinn s\u00e3o aterrorizados por entidades misteriosas<br \/>Foto:<\/figcaption><\/figure>\n<p>Chegou \u00e0s telonas na quinta-feira (30) o terceiro filme da franquia de terror Sobrenatural.<br \/>\nNa hist\u00f3ria de Sobrenatural &#8211; A Origem, que n\u00e3o \u00e9 recomendada para menores de 14 anos, Sean Brenner (Dermot Mulroney) e a filha, Quinn (Stefanie Scott), s\u00e3o aterrorizados por entidades consideradas misteriosas. Para combater isso, a especialista em fen\u00f4menos paranormais Elise Rainier (Lin Shaye), que quase contra vontade, concorda em usar sua habilidade e acaba se envolvendo no caso. A partir da\u00ed, a m\u00e9dium busca uma maneira de livrar a fam\u00edlia do dem\u00f4nio.<br \/>\nEsse terceiro filme \u00e9 um prel\u00fadio focado na hist\u00f3ria de outra fam\u00edlia e promete envolver os espectadores com os mist\u00e9rios.<br \/>\nNo segundo filme: Sobrenatural: Cap\u00edtulo 2 (Insidious \u2013 Chapter 2), a fam\u00edlia assombrada Lambert procurava descobrir o segredo de inf\u00e2ncia misterioso que os deixou perigosamente ligado ao mundo dos esp\u00edritos.<br \/>\nAs primeiras produ\u00e7\u00f5es da franquia arrecadaram, juntas, US$ 260 milh\u00f5es, mundialmente. Sobrenatural: A Origem teve um or\u00e7amento de US$ 8 milh\u00f5es.<br \/>\nLeigh Whannell, que roteirizou os dois primeiros filmes da franquia, substituir\u00e1 James Wan na dire\u00e7\u00e3o neste novo longa. Wan abandonou o cargo para se dedicar a Velozes e Furiosos 7, mas continua como produtor. Whannell volta a roteirizar, e Jason Blum e Oren Peli retornam como<br \/>\nprodutores.<\/p>\n<p><iframe loading=\"lazy\" title=\"Sobrenatural: A Origem | Trailer Legendado | 30 de julho nos cinemas\" width=\"800\" height=\"450\" src=\"https:\/\/www.youtube.com\/embed\/DX3PwNRAHck?feature=oembed\" frameborder=\"0\" allow=\"accelerometer; autoplay; clipboard-write; encrypted-media; gyroscope; picture-in-picture\" allowfullscreen><\/iframe><\/p>\n<p>&nbsp;<\/p>\n","protected":false},"excerpt":{"rendered":"<p>Pai e filha s\u00e3o aterrorizados por entidades paranormais Chegou \u00e0s telonas na quinta-feira (30) o terceiro filme da franquia de<\/p>\n","protected":false},"author":2,"featured_media":4307,"comment_status":"open","ping_status":"open","sticky":false,"template":"","format":"standard","meta":[],"categories":[15],"tags":[946],"_links":{"self":[{"href":"https:\/\/jornalnovametropole.com.br\/wp\/wp-json\/wp\/v2\/posts\/4306"}],"collection":[{"href":"https:\/\/jornalnovametropole.com.br\/wp\/wp-json\/wp\/v2\/posts"}],"about":[{"href":"https:\/\/jornalnovametropole.com.br\/wp\/wp-json\/wp\/v2\/types\/post"}],"author":[{"embeddable":true,"href":"https:\/\/jornalnovametropole.com.br\/wp\/wp-json\/wp\/v2\/users\/2"}],"replies":[{"embeddable":true,"href":"https:\/\/jornalnovametropole.com.br\/wp\/wp-json\/wp\/v2\/comments?post=4306"}],"version-history":[{"count":1,"href":"https:\/\/jornalnovametropole.com.br\/wp\/wp-json\/wp\/v2\/posts\/4306\/revisions"}],"predecessor-version":[{"id":4308,"href":"https:\/\/jornalnovametropole.com.br\/wp\/wp-json\/wp\/v2\/posts\/4306\/revisions\/4308"}],"wp:featuredmedia":[{"embeddable":true,"href":"https:\/\/jornalnovametropole.com.br\/wp\/wp-json\/wp\/v2\/media\/4307"}],"wp:attachment":[{"href":"https:\/\/jornalnovametropole.com.br\/wp\/wp-json\/wp\/v2\/media?parent=4306"}],"wp:term":[{"taxonomy":"category","embeddable":true,"href":"https:\/\/jornalnovametropole.com.br\/wp\/wp-json\/wp\/v2\/categories?post=4306"},{"taxonomy":"post_tag","embeddable":true,"href":"https:\/\/jornalnovametropole.com.br\/wp\/wp-json\/wp\/v2\/tags?post=4306"}],"curies":[{"name":"wp","href":"https:\/\/api.w.org\/{rel}","templated":true}]}}