{"id":4051,"date":"2015-07-06T10:54:49","date_gmt":"2015-07-06T10:54:49","guid":{"rendered":"http:\/\/jornalnovametropole.com.br\/wp\/?p=4051"},"modified":"2015-07-06T10:54:49","modified_gmt":"2015-07-06T10:54:49","slug":"festa-acontece-de-10-a-12-na-viber-fenui","status":"publish","type":"post","link":"https:\/\/jornalnovametropole.com.br\/wp\/festa-acontece-de-10-a-12-na-viber-fenui\/","title":{"rendered":"Festa acontece de 10 a 12 na Viber &#8211; fenui"},"content":{"rendered":"<h3>Os ingressos para o evento custam R$ 4<\/h3>\n<figure id=\"attachment_4052\" aria-describedby=\"caption-attachment-4052\" style=\"width: 628px\" class=\"wp-caption alignnone\"><a href=\"http:\/\/jornalnovametropole.com.br\/wp\/wp-content\/uploads\/2015\/07\/10-Fenui.jpg\"><img loading=\"lazy\" class=\"size-full wp-image-4052\" src=\"http:\/\/jornalnovametropole.com.br\/wp\/wp-content\/uploads\/2015\/07\/10-Fenui.jpg\" alt=\"Este ano ser\u00e1 comemorado os 80 anos da imigra\u00e7\u00e3o japonesa Foto: eliandro figueira \" width=\"628\" height=\"500\" srcset=\"https:\/\/jornalnovametropole.com.br\/wp\/wp-content\/uploads\/2015\/07\/10-Fenui.jpg 628w, https:\/\/jornalnovametropole.com.br\/wp\/wp-content\/uploads\/2015\/07\/10-Fenui-300x239.jpg 300w\" sizes=\"(max-width: 628px) 100vw, 628px\" \/><\/a><figcaption id=\"caption-attachment-4052\" class=\"wp-caption-text\">Este ano ser\u00e1 comemorado os 80 anos da imigra\u00e7\u00e3o japonesa<br \/>Foto: eliandro figueira<\/figcaption><\/figure>\n<p>A 18\u00aa Fenui (Feira das Na\u00e7\u00f5es Unidas de Indaiatuba) celebra mais uma vez a integra\u00e7\u00e3o e as riquezas multiculturais de sete etnias diferentes de 10 a 12 de julho na Viber. Organizado em parceria pela (AEEI) Associa\u00e7\u00e3o das Entidades \u00c9tnicas de Indaiatuba e pela Prefeitura Municipal, o evento oferece uma s\u00e9rie de atra\u00e7\u00f5es para toda a fam\u00edlia, com apresenta\u00e7\u00f5es folcl\u00f3ricas de dan\u00e7a e m\u00fasica, e culin\u00e1ria t\u00edpica.<br \/>\nAs novidades desta edi\u00e7\u00e3o, que comemora os 80 anos da imigra\u00e7\u00e3o japonesa no munic\u00edpio, foram anunciadas em coletiva de imprensa no Pa\u00e7o Municipal, com a presen\u00e7a do vice-prefeito Dr. Ant\u00f4nio Carlos Pinheiro (PDT) representando o prefeito Reinaldo Nogueira (PMDB), do secret\u00e1rio municipal de Comunica\u00e7\u00e3o Social Odair Gon\u00e7alves e dos organizadores da Fenui. Os ingressos para a festa custam R$ 4 por pessoa e no almo\u00e7o de domingo, das 11h \u00e0s 15h, a entrada \u00e9 franca. Estacionamento no local a R$ 10. Mais informa\u00e7\u00f5es est\u00e3o dispon\u00edveis no site www.fenui.com.br.<br \/>\n\u201c\u00c9 com grande satisfa\u00e7\u00e3o que parabenizo e acolho aqui em nome do prefeito Reinaldo Nogueira todas as entidades e etnias respons\u00e1veis por esta grande festa em Indaiatuba\u201d, disse na coletiva o vice-prefeito Dr. Ant\u00f4nio Carlos Pinheiro.<br \/>\n\u201cGostaria de agradecer especialmente a parceria da Prefeitura de Indaiatuba, sem o qual n\u00e3o seria poss\u00edvel organizarmos um evento deste porte, e a todas as secretarias municipais envolvidas\u201d, destacou Marcel Zerbini, membro da comiss\u00e3o organizadora da Fenui. \u201c\u00c9 uma festa familiar, onde o objetivo \u00e9 a preserva\u00e7\u00e3o dos valores, cultura e caracter\u00edsticas de cada etnia participante. Agrade\u00e7o tamb\u00e9m a dedica\u00e7\u00e3o dos volunt\u00e1rios e convido a todos a prestigiarem a festa, com op\u00e7\u00f5es de divers\u00e3o para todas as faixa et\u00e1rias\u201d, apontou Zerbini.<br \/>\n\u201cFicamos muito orgulhosos da homenagem que ser\u00e1 prestada este ano pela Fenui \u00e0 col\u00f4nia japonesa no munic\u00edpio\u201d, acrescentou o presidente da Acenbi (Associa\u00e7\u00e3o Cultural Esportiva Nipo-Brasileira de Indaiatuba) Yoshihiro Jo\u00e3o Yamate. \u201cParticipar da Fenui com nossas atra\u00e7\u00f5es folcl\u00f3ricas e gastron\u00f4micas \u00e9 uma forma de agradecer ao povo brasileiro e a todas as etnias envolvidas pela acolhida que sempre tivemos, convivendo em harmonia, com paz e muito respeito ao pr\u00f3ximo. Muito obrigado a todos pela homenagem, neste ano que comemoramos tamb\u00e9m os 107 anos da imigra\u00e7\u00e3o japonesa no Brasil e os 120 anos da coopera\u00e7\u00e3o de amizade Brasil e Jap\u00e3o\u201d, finalizou Yamate.<\/p>\n","protected":false},"excerpt":{"rendered":"<p>Os ingressos para o evento custam R$ 4 A 18\u00aa Fenui (Feira das Na\u00e7\u00f5es Unidas de Indaiatuba) celebra mais uma<\/p>\n","protected":false},"author":2,"featured_media":4052,"comment_status":"open","ping_status":"open","sticky":false,"template":"","format":"standard","meta":[],"categories":[3],"tags":[889],"_links":{"self":[{"href":"https:\/\/jornalnovametropole.com.br\/wp\/wp-json\/wp\/v2\/posts\/4051"}],"collection":[{"href":"https:\/\/jornalnovametropole.com.br\/wp\/wp-json\/wp\/v2\/posts"}],"about":[{"href":"https:\/\/jornalnovametropole.com.br\/wp\/wp-json\/wp\/v2\/types\/post"}],"author":[{"embeddable":true,"href":"https:\/\/jornalnovametropole.com.br\/wp\/wp-json\/wp\/v2\/users\/2"}],"replies":[{"embeddable":true,"href":"https:\/\/jornalnovametropole.com.br\/wp\/wp-json\/wp\/v2\/comments?post=4051"}],"version-history":[{"count":1,"href":"https:\/\/jornalnovametropole.com.br\/wp\/wp-json\/wp\/v2\/posts\/4051\/revisions"}],"predecessor-version":[{"id":4053,"href":"https:\/\/jornalnovametropole.com.br\/wp\/wp-json\/wp\/v2\/posts\/4051\/revisions\/4053"}],"wp:featuredmedia":[{"embeddable":true,"href":"https:\/\/jornalnovametropole.com.br\/wp\/wp-json\/wp\/v2\/media\/4052"}],"wp:attachment":[{"href":"https:\/\/jornalnovametropole.com.br\/wp\/wp-json\/wp\/v2\/media?parent=4051"}],"wp:term":[{"taxonomy":"category","embeddable":true,"href":"https:\/\/jornalnovametropole.com.br\/wp\/wp-json\/wp\/v2\/categories?post=4051"},{"taxonomy":"post_tag","embeddable":true,"href":"https:\/\/jornalnovametropole.com.br\/wp\/wp-json\/wp\/v2\/tags?post=4051"}],"curies":[{"name":"wp","href":"https:\/\/api.w.org\/{rel}","templated":true}]}}