{"id":3572,"date":"2015-05-25T15:02:05","date_gmt":"2015-05-25T15:02:05","guid":{"rendered":"http:\/\/jornalnovametropole.com.br\/wp\/?p=3572"},"modified":"2015-05-25T15:02:05","modified_gmt":"2015-05-25T15:02:05","slug":"unhas-por-um-mes","status":"publish","type":"post","link":"https:\/\/jornalnovametropole.com.br\/wp\/unhas-por-um-mes\/","title":{"rendered":"Unhas por um m\u00eas"},"content":{"rendered":"<h3>Gel nas unhas associa\u00a0resist\u00eancia e estilo<\/h3>\n<h3><a href=\"http:\/\/jornalnovametropole.com.br\/wp\/wp-content\/uploads\/2015\/05\/20-Unhas-1.jpg\"><img loading=\"lazy\" class=\"alignnone size-full wp-image-3573\" src=\"http:\/\/jornalnovametropole.com.br\/wp\/wp-content\/uploads\/2015\/05\/20-Unhas-1.jpg\" alt=\"20---Unhas-1\" width=\"565\" height=\"500\" srcset=\"https:\/\/jornalnovametropole.com.br\/wp\/wp-content\/uploads\/2015\/05\/20-Unhas-1.jpg 565w, https:\/\/jornalnovametropole.com.br\/wp\/wp-content\/uploads\/2015\/05\/20-Unhas-1-300x265.jpg 300w\" sizes=\"(max-width: 565px) 100vw, 565px\" \/><\/a><\/h3>\n<p>No mercado h\u00e1 alguns anos, o esmalte em gel avan\u00e7ou: agora \u00e9 poss\u00edvel associar sa\u00fade, beleza e muitas cores \u00e0 durabilidade sempre prometida. Desenvolvido com tecnologia norte-americana, os melhores produtos duram de tr\u00eas a seis semanas e t\u00eam cat\u00e1logos com 90 op\u00e7\u00f5es de tons. A leitora Edvania Pinheiro, que vivia com vergonha de suas m\u00e3os, experimentou e aprovou.<br \/>\n\u201cSou ansiosa e por isso acabo roendo as unhas. E, como mexo muito com \u00e1gua em meu trabalho, elas quebram com muita facilidade\u201d, diz a cabeleireira de 27 anos.<br \/>\nA manicure Lili Souza, do sal\u00e3o Minhas Unhas, explica que o gel pode ser aplicado em qualquer tipo de unha: \u201cnas maiores, s\u00f3 usamos o produto para fortalecer e evitar descama\u00e7\u00f5es e quebras. Nas menores, alongamos com a tip e passamos o esmalte, que far\u00e1 a unha crescer forte\u201d.<\/p>\n<p>&nbsp;<\/p>\n<figure id=\"attachment_3574\" aria-describedby=\"caption-attachment-3574\" style=\"width: 602px\" class=\"wp-caption alignnone\"><a href=\"http:\/\/jornalnovametropole.com.br\/wp\/wp-content\/uploads\/2015\/05\/20-Unhas-3.jpg\"><img loading=\"lazy\" class=\"size-full wp-image-3574\" src=\"http:\/\/jornalnovametropole.com.br\/wp\/wp-content\/uploads\/2015\/05\/20-Unhas-3.jpg\" alt=\"Dica da especialista Lili Souza explica que o esmalte em gel associado ao uso da tip d\u00e1 um aspecto natural e permite que a unha curta fique no passado: \u201ca tip alonga suavemente, sem deixar parecer muito artificial, e o gel fortalece a unha, que come\u00e7a a crescer. Com o tempo, ao lixar a tip, a pessoa vai perceber que a unha natural j\u00e1 est\u00e1 grande\u201d.\" width=\"602\" height=\"500\" srcset=\"https:\/\/jornalnovametropole.com.br\/wp\/wp-content\/uploads\/2015\/05\/20-Unhas-3.jpg 602w, https:\/\/jornalnovametropole.com.br\/wp\/wp-content\/uploads\/2015\/05\/20-Unhas-3-300x249.jpg 300w\" sizes=\"(max-width: 602px) 100vw, 602px\" \/><\/a><figcaption id=\"caption-attachment-3574\" class=\"wp-caption-text\">Dica da especialista<br \/>Lili Souza explica que o esmalte em gel associado ao uso da tip d\u00e1 um aspecto natural e permite que a unha curta fique no passado: \u201ca tip alonga suavemente, sem deixar parecer muito artificial, e o gel fortalece a unha, que come\u00e7a a crescer. Com o tempo, ao lixar a tip, a pessoa vai perceber que a unha natural j\u00e1 est\u00e1 grande\u201d.<\/figcaption><\/figure>\n<p><a href=\"http:\/\/jornalnovametropole.com.br\/wp\/wp-content\/uploads\/2015\/05\/NM230515_20.jpg\"><img loading=\"lazy\" class=\"alignnone size-full wp-image-3575\" src=\"http:\/\/jornalnovametropole.com.br\/wp\/wp-content\/uploads\/2015\/05\/NM230515_20.jpg\" alt=\"NM230515_20\" width=\"603\" height=\"500\" srcset=\"https:\/\/jornalnovametropole.com.br\/wp\/wp-content\/uploads\/2015\/05\/NM230515_20.jpg 603w, https:\/\/jornalnovametropole.com.br\/wp\/wp-content\/uploads\/2015\/05\/NM230515_20-300x249.jpg 300w\" sizes=\"(max-width: 603px) 100vw, 603px\" \/><\/a><\/p>\n<p><a href=\"http:\/\/jornalnovametropole.com.br\/wp\/wp-content\/uploads\/2015\/05\/NM230515_20-1.jpg\"><img loading=\"lazy\" class=\"alignnone  wp-image-3576\" src=\"http:\/\/jornalnovametropole.com.br\/wp\/wp-content\/uploads\/2015\/05\/NM230515_20-1.jpg\" alt=\"NM230515_20-1\" width=\"840\" height=\"159\" srcset=\"https:\/\/jornalnovametropole.com.br\/wp\/wp-content\/uploads\/2015\/05\/NM230515_20-1.jpg 2732w, https:\/\/jornalnovametropole.com.br\/wp\/wp-content\/uploads\/2015\/05\/NM230515_20-1-300x57.jpg 300w, https:\/\/jornalnovametropole.com.br\/wp\/wp-content\/uploads\/2015\/05\/NM230515_20-1-1024x194.jpg 1024w\" sizes=\"(max-width: 840px) 100vw, 840px\" \/><\/a><\/p>\n","protected":false},"excerpt":{"rendered":"<p>Gel nas unhas associa\u00a0resist\u00eancia e estilo No mercado h\u00e1 alguns anos, o esmalte em gel avan\u00e7ou: agora \u00e9 poss\u00edvel associar<\/p>\n","protected":false},"author":2,"featured_media":3573,"comment_status":"open","ping_status":"open","sticky":false,"template":"","format":"standard","meta":[],"categories":[120],"tags":[499],"_links":{"self":[{"href":"https:\/\/jornalnovametropole.com.br\/wp\/wp-json\/wp\/v2\/posts\/3572"}],"collection":[{"href":"https:\/\/jornalnovametropole.com.br\/wp\/wp-json\/wp\/v2\/posts"}],"about":[{"href":"https:\/\/jornalnovametropole.com.br\/wp\/wp-json\/wp\/v2\/types\/post"}],"author":[{"embeddable":true,"href":"https:\/\/jornalnovametropole.com.br\/wp\/wp-json\/wp\/v2\/users\/2"}],"replies":[{"embeddable":true,"href":"https:\/\/jornalnovametropole.com.br\/wp\/wp-json\/wp\/v2\/comments?post=3572"}],"version-history":[{"count":1,"href":"https:\/\/jornalnovametropole.com.br\/wp\/wp-json\/wp\/v2\/posts\/3572\/revisions"}],"predecessor-version":[{"id":3577,"href":"https:\/\/jornalnovametropole.com.br\/wp\/wp-json\/wp\/v2\/posts\/3572\/revisions\/3577"}],"wp:featuredmedia":[{"embeddable":true,"href":"https:\/\/jornalnovametropole.com.br\/wp\/wp-json\/wp\/v2\/media\/3573"}],"wp:attachment":[{"href":"https:\/\/jornalnovametropole.com.br\/wp\/wp-json\/wp\/v2\/media?parent=3572"}],"wp:term":[{"taxonomy":"category","embeddable":true,"href":"https:\/\/jornalnovametropole.com.br\/wp\/wp-json\/wp\/v2\/categories?post=3572"},{"taxonomy":"post_tag","embeddable":true,"href":"https:\/\/jornalnovametropole.com.br\/wp\/wp-json\/wp\/v2\/tags?post=3572"}],"curies":[{"name":"wp","href":"https:\/\/api.w.org\/{rel}","templated":true}]}}