{"id":32806,"date":"2026-02-20T09:41:07","date_gmt":"2026-02-20T09:41:07","guid":{"rendered":"http:\/\/jornalnovametropole.com.br\/wp\/?p=32806"},"modified":"2026-02-20T09:41:08","modified_gmt":"2026-02-20T09:41:08","slug":"primavera-atropela-equipe-do-tocantins-e-passa-de-fase-na-copa-do-brasil","status":"publish","type":"post","link":"https:\/\/jornalnovametropole.com.br\/wp\/primavera-atropela-equipe-do-tocantins-e-passa-de-fase-na-copa-do-brasil\/","title":{"rendered":"Primavera \u2018atropela\u2019 equipe do Tocantins e passa de fase na Copa do Brasil"},"content":{"rendered":"\n<p>A equipe do Primavera SAF n\u00e3o conseguiu classificar-se para a fase final do Campeonato Paulista 2026 da S\u00e9rie A1. Mas, por outro lado, no \u00faltimo domingo (15), com o empate em 3X3 com o Noroeste, garantiu sua perman\u00eancia na divis\u00e3o e, em 2027, continua na elite do futebol do estado de S\u00e3o Paulo.<\/p>\n\n\n\n<figure class=\"wp-block-image size-large\"><a href=\"http:\/\/jornalnovametropole.com.br\/wp\/wp-content\/uploads\/2026\/02\/primavera-saf.jpeg\"><img loading=\"lazy\" width=\"1024\" height=\"683\" src=\"http:\/\/jornalnovametropole.com.br\/wp\/wp-content\/uploads\/2026\/02\/primavera-saf-1024x683.jpeg\" alt=\"\" class=\"wp-image-32807\" srcset=\"https:\/\/jornalnovametropole.com.br\/wp\/wp-content\/uploads\/2026\/02\/primavera-saf-1024x683.jpeg 1024w, https:\/\/jornalnovametropole.com.br\/wp\/wp-content\/uploads\/2026\/02\/primavera-saf-300x200.jpeg 300w, https:\/\/jornalnovametropole.com.br\/wp\/wp-content\/uploads\/2026\/02\/primavera-saf-768x512.jpeg 768w, https:\/\/jornalnovametropole.com.br\/wp\/wp-content\/uploads\/2026\/02\/primavera-saf.jpeg 1280w\" sizes=\"(max-width: 1024px) 100vw, 1024px\" \/><\/a><figcaption>Divulga\u00e7\u00e3o Primavera SAF<\/figcaption><\/figure>\n\n\n\n<p><strong>Segue o campo<\/strong><br>Mas, a temporada ainda n\u00e3o acabou para o \u2018fantasma\u2019. Nessa \u00faltima quarta-feira (18), a equipe fez sua estreia em um torneio nacional do pa\u00eds. A partida fora de casa contra o Aragua\u00edna (do estado do Tocantins) marcou seu debute na Copa do Brasil e o time de Indaiatuba n\u00e3o fez feio e ganhou por inconstest\u00e1veis 3 a 0. Assim, o Primavera passa de fase e embolsa uma pr\u00eamia\u00e7\u00e3o de quase 900 mil reais. O pr\u00f3ximo confronto ser\u00e1 contra a boa equipe do Cear\u00e1 no dia 26 de fevereiro &#8211; em Fortaleza.<\/p>\n\n\n\n<p><strong>Gols<\/strong><br>Os gols foram marcados por Luiz Fernando, Josiel e Neto. \u201cMuito feliz pela partida, por ter feito o gol. Momento hist\u00f3rico para o clube, por ser a primeira competi\u00e7\u00e3o nacional. Estreamos com o p\u00e9 direito. Muito feliz pela entrega do grupo, todo mundo est\u00e1 de parab\u00e9ns\u201d, comentou Josiel, autor do segundo gol do Primavera.<\/p>\n\n\n\n<p><strong>Torneio<\/strong><br>A Copa do Brasil de 2026 mant\u00e9m o formato tradicional de mata-mata, reunindo 92 equipes de todos os estados do pa\u00eds. A competi\u00e7\u00e3o \u00e9 considerada a mais democr\u00e1tica do calend\u00e1rio nacional, por incluir clubes das S\u00e9ries A, B, C e D, al\u00e9m de campe\u00f5es estaduais e representantes do ranking da CBF. Nas duas primeiras fases, os confrontos ocorrem em jogo \u00fanico, com mando do time de menor ranking. A partir da terceira fase, entram os clubes classificados para a Libertadores, elevando o n\u00edvel t\u00e9cnico do torneio.<\/p>\n\n\n\n<p><strong>Premia\u00e7\u00e3o<\/strong><br>Da terceira fase em diante, os duelos passam a ser disputados em partidas de ida e volta, incluindo oitavas, quartas, semifinais e final. Em caso de empate no placar agregado, a decis\u00e3o vai para os p\u00eanaltis. A premia\u00e7\u00e3o segue como uma das maiores do pa\u00eds, com valores milion\u00e1rios distribu\u00eddos por fase e b\u00f4nus significativo ao campe\u00e3o. Al\u00e9m do trof\u00e9u, o vencedor garante vaga direta na Libertadores de 2027, ampliando ainda mais a import\u00e2ncia esportiva e financeira da competi\u00e7\u00e3o.<\/p>\n","protected":false},"excerpt":{"rendered":"<p>A equipe do Primavera SAF n\u00e3o conseguiu classificar-se para a fase final do Campeonato Paulista 2026 da S\u00e9rie A1. Mas,<\/p>\n","protected":false},"author":4,"featured_media":32807,"comment_status":"closed","ping_status":"closed","sticky":false,"template":"","format":"standard","meta":[],"categories":[4],"tags":[],"_links":{"self":[{"href":"https:\/\/jornalnovametropole.com.br\/wp\/wp-json\/wp\/v2\/posts\/32806"}],"collection":[{"href":"https:\/\/jornalnovametropole.com.br\/wp\/wp-json\/wp\/v2\/posts"}],"about":[{"href":"https:\/\/jornalnovametropole.com.br\/wp\/wp-json\/wp\/v2\/types\/post"}],"author":[{"embeddable":true,"href":"https:\/\/jornalnovametropole.com.br\/wp\/wp-json\/wp\/v2\/users\/4"}],"replies":[{"embeddable":true,"href":"https:\/\/jornalnovametropole.com.br\/wp\/wp-json\/wp\/v2\/comments?post=32806"}],"version-history":[{"count":1,"href":"https:\/\/jornalnovametropole.com.br\/wp\/wp-json\/wp\/v2\/posts\/32806\/revisions"}],"predecessor-version":[{"id":32808,"href":"https:\/\/jornalnovametropole.com.br\/wp\/wp-json\/wp\/v2\/posts\/32806\/revisions\/32808"}],"wp:featuredmedia":[{"embeddable":true,"href":"https:\/\/jornalnovametropole.com.br\/wp\/wp-json\/wp\/v2\/media\/32807"}],"wp:attachment":[{"href":"https:\/\/jornalnovametropole.com.br\/wp\/wp-json\/wp\/v2\/media?parent=32806"}],"wp:term":[{"taxonomy":"category","embeddable":true,"href":"https:\/\/jornalnovametropole.com.br\/wp\/wp-json\/wp\/v2\/categories?post=32806"},{"taxonomy":"post_tag","embeddable":true,"href":"https:\/\/jornalnovametropole.com.br\/wp\/wp-json\/wp\/v2\/tags?post=32806"}],"curies":[{"name":"wp","href":"https:\/\/api.w.org\/{rel}","templated":true}]}}