{"id":32662,"date":"2026-01-16T09:53:14","date_gmt":"2026-01-16T09:53:14","guid":{"rendered":"http:\/\/jornalnovametropole.com.br\/wp\/?p=32662"},"modified":"2026-01-16T09:53:15","modified_gmt":"2026-01-16T09:53:15","slug":"primavera-vence-o-mirassol-e-deixa-indaiatuba-entusiasmada","status":"publish","type":"post","link":"https:\/\/jornalnovametropole.com.br\/wp\/primavera-vence-o-mirassol-e-deixa-indaiatuba-entusiasmada\/","title":{"rendered":"Primavera vence o Mirassol e deixa Indaiatuba entusiasmada"},"content":{"rendered":"\n<p>Na primeira partida da hist\u00f3ria no Paulist\u00e3o da S\u00e9rie A1 e no primeiro jogo em seu est\u00e1dio ap\u00f3s a reforma, a equipe do Primavera SAF recebeu o poderoso Mirassol (time destaque do Brasileir\u00e3o 2025, na S\u00e9rie A Nacional e que disputar\u00e1 a Libertadores em 2026)pela segunda rodada da competi\u00e7\u00e3o estadual, e superou o advers\u00e1rio por 3 a 1, com destaque para o lateral-direito Kevin, que anotou duas assist\u00eancias.<\/p>\n\n\n\n<figure class=\"wp-block-image size-full\"><a href=\"http:\/\/jornalnovametropole.com.br\/wp\/wp-content\/uploads\/2026\/01\/primavera-2.png\"><img loading=\"lazy\" width=\"611\" height=\"334\" src=\"http:\/\/jornalnovametropole.com.br\/wp\/wp-content\/uploads\/2026\/01\/primavera-2.png\" alt=\"\" class=\"wp-image-32663\" srcset=\"https:\/\/jornalnovametropole.com.br\/wp\/wp-content\/uploads\/2026\/01\/primavera-2.png 611w, https:\/\/jornalnovametropole.com.br\/wp\/wp-content\/uploads\/2026\/01\/primavera-2-300x164.png 300w\" sizes=\"(max-width: 611px) 100vw, 611px\" \/><\/a><figcaption>Reprodu\u00e7\u00e3o Instagram<\/figcaption><\/figure>\n\n\n\n<p><br>Esta foi a primeira vit\u00f3ria da hist\u00f3ria do time de Indaiatuba na elite do futebol paulista. Com o resultado, o Primavera ainda manteve a invencibilidade, foi a quatro pontos e saltou, ao menos de forma provis\u00f3ria, para a vice-lideran\u00e7a do Paulist\u00e3o 2026. O Mirassol, vale lembrar, \u201catropelou\u201d o S\u00e3o Paulo na primeira rodada da competi\u00e7\u00e3o.<br>Com direito a \u201col\u00e9\u201d, o Fantasma dominou o Mirassol. Os gols foram marcados por Gabriel Poveda (de p\u00eanalti), Ligger &#8211; no primeiro tempo &#8211; e Paulo Baya &#8211; na etapa final. Andr\u00e9 Luis marcou para o Mirassol antes do intervalo, quando o placar estava 2 a 0 para os donos da casa.<\/p>\n\n\n\n<p><strong>Sonho<\/strong><br>O t\u00e9cnico Rafael Marques falou com orgulho da fase positiva e disse que nem nos melhores sonhos imaginava um momento como esse em in\u00edcio de carreira.<br>\u201cNem nos meus melhores sonhos imaginava viver o que estou vivendo. As coisas est\u00e3o acontecendo de maneira antecipada nesta nova minha carreira. Estou muito feliz\u201d, discursou o ex-atacante palmeirense durante a entrevista coletiva. O treinador falou sobre acelerar o processo como um comandante de um grupo e assumiu que treinar o Primavera neste momento caiu no colo.<br>\u201cEstava no clube h\u00e1 tr\u00eas anos como auxiliar e joguei um ano tamb\u00e9m ao final da minha carreira. N\u00e3o estava nos meus planos ser treinador neste momento, mas caiu no colo a oportunidade e preciso aproveitar\u201d, comentou.<\/p>\n\n\n\n<p><strong>Pr\u00f3ximo!<\/strong><br>O Primavera volta entrar em campo pelo Paulist\u00e3o contra o Novorizontino no dia 17 de janeiro, \u00e0s 16h, mais uma vez no Est\u00e1dio \u00cdtalo M\u00e1rio Limongi. Os ingressos j\u00e1 est\u00e3o \u00e0 venda e outras informa\u00e7\u00f5es podem ser acessadas no Instagram oficial da equipe: @ecprimaveraoficial.<\/p>\n","protected":false},"excerpt":{"rendered":"<p>Na primeira partida da hist\u00f3ria no Paulist\u00e3o da S\u00e9rie A1 e no primeiro jogo em seu est\u00e1dio ap\u00f3s a reforma,<\/p>\n","protected":false},"author":4,"featured_media":32663,"comment_status":"closed","ping_status":"closed","sticky":false,"template":"","format":"standard","meta":[],"categories":[3],"tags":[],"_links":{"self":[{"href":"https:\/\/jornalnovametropole.com.br\/wp\/wp-json\/wp\/v2\/posts\/32662"}],"collection":[{"href":"https:\/\/jornalnovametropole.com.br\/wp\/wp-json\/wp\/v2\/posts"}],"about":[{"href":"https:\/\/jornalnovametropole.com.br\/wp\/wp-json\/wp\/v2\/types\/post"}],"author":[{"embeddable":true,"href":"https:\/\/jornalnovametropole.com.br\/wp\/wp-json\/wp\/v2\/users\/4"}],"replies":[{"embeddable":true,"href":"https:\/\/jornalnovametropole.com.br\/wp\/wp-json\/wp\/v2\/comments?post=32662"}],"version-history":[{"count":1,"href":"https:\/\/jornalnovametropole.com.br\/wp\/wp-json\/wp\/v2\/posts\/32662\/revisions"}],"predecessor-version":[{"id":32664,"href":"https:\/\/jornalnovametropole.com.br\/wp\/wp-json\/wp\/v2\/posts\/32662\/revisions\/32664"}],"wp:featuredmedia":[{"embeddable":true,"href":"https:\/\/jornalnovametropole.com.br\/wp\/wp-json\/wp\/v2\/media\/32663"}],"wp:attachment":[{"href":"https:\/\/jornalnovametropole.com.br\/wp\/wp-json\/wp\/v2\/media?parent=32662"}],"wp:term":[{"taxonomy":"category","embeddable":true,"href":"https:\/\/jornalnovametropole.com.br\/wp\/wp-json\/wp\/v2\/categories?post=32662"},{"taxonomy":"post_tag","embeddable":true,"href":"https:\/\/jornalnovametropole.com.br\/wp\/wp-json\/wp\/v2\/tags?post=32662"}],"curies":[{"name":"wp","href":"https:\/\/api.w.org\/{rel}","templated":true}]}}