{"id":32330,"date":"2025-10-03T09:52:02","date_gmt":"2025-10-03T09:52:02","guid":{"rendered":"http:\/\/jornalnovametropole.com.br\/wp\/?p=32330"},"modified":"2025-10-03T09:52:02","modified_gmt":"2025-10-03T09:52:02","slug":"elias-fausto-conquista-retroescavadeira-para-dar-apoio-aos-produtores-rurais","status":"publish","type":"post","link":"https:\/\/jornalnovametropole.com.br\/wp\/elias-fausto-conquista-retroescavadeira-para-dar-apoio-aos-produtores-rurais\/","title":{"rendered":"Elias Fausto conquista retroescavadeira para dar apoio aos produtores rurais"},"content":{"rendered":"\n<p>A Prefeitura de Elias Fausto anunciou a chegada de uma nova retroescavadeira, resultado da recupera\u00e7\u00e3o de um conv\u00eanio que estava parado desde 2021. A conquista representa um passo importante para a renova\u00e7\u00e3o da frota municipal e vai trazer benef\u00edcios diretos para os produtores rurais e para a manuten\u00e7\u00e3o das estradas do munic\u00edpio.<\/p>\n\n\n\n<p><strong>V\u00c1RIAS FRENTES<\/strong><br>De acordo com a gest\u00e3o do Prefeito Tato Bicudo e do Vice Adriano Luko, o novo equipamento ser\u00e1 utilizado em diversas frentes de trabalho, com foco especial na reconstru\u00e7\u00e3o e conserva\u00e7\u00e3o das estradas rurais, garantindo melhores condi\u00e7\u00f5es de tr\u00e1fego e escoamento da produ\u00e7\u00e3o agr\u00edcola.<\/p>\n\n\n\n<p><\/p>\n\n\n\n<figure class=\"wp-block-image size-full\"><a href=\"http:\/\/jornalnovametropole.com.br\/wp\/wp-content\/uploads\/2025\/10\/fLfDmSwQY3cU1sloHz6Pj20QtgYKPH49pMJ4uUQa.jpeg\"><img loading=\"lazy\" width=\"800\" height=\"534\" src=\"http:\/\/jornalnovametropole.com.br\/wp\/wp-content\/uploads\/2025\/10\/fLfDmSwQY3cU1sloHz6Pj20QtgYKPH49pMJ4uUQa.jpeg\" alt=\"\" class=\"wp-image-32331\" srcset=\"https:\/\/jornalnovametropole.com.br\/wp\/wp-content\/uploads\/2025\/10\/fLfDmSwQY3cU1sloHz6Pj20QtgYKPH49pMJ4uUQa.jpeg 800w, https:\/\/jornalnovametropole.com.br\/wp\/wp-content\/uploads\/2025\/10\/fLfDmSwQY3cU1sloHz6Pj20QtgYKPH49pMJ4uUQa-300x200.jpeg 300w, https:\/\/jornalnovametropole.com.br\/wp\/wp-content\/uploads\/2025\/10\/fLfDmSwQY3cU1sloHz6Pj20QtgYKPH49pMJ4uUQa-768x513.jpeg 768w\" sizes=\"(max-width: 800px) 100vw, 800px\" \/><\/a><figcaption>Divulga\u00e7\u00e3o<\/figcaption><\/figure>\n\n\n\n<p><strong>VIT\u00d3RIA<\/strong><br>\u201cEssa \u00e9 mais uma vit\u00f3ria para Elias Fausto. Recuperamos um conv\u00eanio que estava parado h\u00e1 anos e agora temos \u00e0 disposi\u00e7\u00e3o um maquin\u00e1rio moderno que vai ajudar nossa cidade a avan\u00e7ar, principalmente no apoio ao setor rural, que \u00e9 t\u00e3o importante para a economia local. Quero tamb\u00e9m agradecer ao Governador Tarc\u00edsio de Freitas pelo apoio e pela parceria com o nosso munic\u00edpio\u201d, destacou o Prefeito Tato Bicudo.<\/p>\n\n\n\n<p><strong>MODERNIZA\u00c7\u00c3O<\/strong><br>A chegada da retroescavadeira faz parte dos investimentos da atual administra\u00e7\u00e3o para modernizar a frota e ampliar a capacidade de atendimento \u00e0s demandas da popula\u00e7\u00e3o, refor\u00e7ando o compromisso da gest\u00e3o em trabalhar pelo desenvolvimento do munic\u00edpio.<\/p>\n\n\n\n<p><strong>Munic\u00edpio<\/strong><br>A cidade de Elias Fausto, localizada na Regi\u00e3o Metropolitana de Campinas, no interior de S\u00e3o Paulo, possui cerca de 17 mil habitantes. O munic\u00edpio \u00e9 conhecido pelo clima tranquilo e pela forte liga\u00e7\u00e3o com o agroneg\u00f3cio, especialmente a cana-de-a\u00e7\u00facar e a pecu\u00e1ria. Segundo dados do IBGE, a renda per capita gira em torno de R$ 33 mil anuais, refletindo uma economia de base rural, mas em crescimento. A cidade apresenta bons \u00edndices de qualidade de vida, com destaque para sa\u00fade e educa\u00e7\u00e3o. Elias Fausto tamb\u00e9m atrai moradores que buscam proximidade com grandes centros, mas preferem o ritmo interiorano. Sua localiza\u00e7\u00e3o estrat\u00e9gica, pr\u00f3xima a Indaiatuba e Campinas, refor\u00e7a seu potencial de desenvolvimento.<\/p>\n","protected":false},"excerpt":{"rendered":"<p>A Prefeitura de Elias Fausto anunciou a chegada de uma nova retroescavadeira, resultado da recupera\u00e7\u00e3o de um conv\u00eanio que estava<\/p>\n","protected":false},"author":4,"featured_media":32331,"comment_status":"closed","ping_status":"closed","sticky":false,"template":"","format":"standard","meta":[],"categories":[3],"tags":[7105,777],"_links":{"self":[{"href":"https:\/\/jornalnovametropole.com.br\/wp\/wp-json\/wp\/v2\/posts\/32330"}],"collection":[{"href":"https:\/\/jornalnovametropole.com.br\/wp\/wp-json\/wp\/v2\/posts"}],"about":[{"href":"https:\/\/jornalnovametropole.com.br\/wp\/wp-json\/wp\/v2\/types\/post"}],"author":[{"embeddable":true,"href":"https:\/\/jornalnovametropole.com.br\/wp\/wp-json\/wp\/v2\/users\/4"}],"replies":[{"embeddable":true,"href":"https:\/\/jornalnovametropole.com.br\/wp\/wp-json\/wp\/v2\/comments?post=32330"}],"version-history":[{"count":1,"href":"https:\/\/jornalnovametropole.com.br\/wp\/wp-json\/wp\/v2\/posts\/32330\/revisions"}],"predecessor-version":[{"id":32332,"href":"https:\/\/jornalnovametropole.com.br\/wp\/wp-json\/wp\/v2\/posts\/32330\/revisions\/32332"}],"wp:featuredmedia":[{"embeddable":true,"href":"https:\/\/jornalnovametropole.com.br\/wp\/wp-json\/wp\/v2\/media\/32331"}],"wp:attachment":[{"href":"https:\/\/jornalnovametropole.com.br\/wp\/wp-json\/wp\/v2\/media?parent=32330"}],"wp:term":[{"taxonomy":"category","embeddable":true,"href":"https:\/\/jornalnovametropole.com.br\/wp\/wp-json\/wp\/v2\/categories?post=32330"},{"taxonomy":"post_tag","embeddable":true,"href":"https:\/\/jornalnovametropole.com.br\/wp\/wp-json\/wp\/v2\/tags?post=32330"}],"curies":[{"name":"wp","href":"https:\/\/api.w.org\/{rel}","templated":true}]}}