{"id":32321,"date":"2025-10-03T09:35:43","date_gmt":"2025-10-03T09:35:43","guid":{"rendered":"http:\/\/jornalnovametropole.com.br\/wp\/?p=32321"},"modified":"2025-10-03T09:37:58","modified_gmt":"2025-10-03T09:37:58","slug":"primavera-conquista-vaga-em-torneio-nacional-em-2026","status":"publish","type":"post","link":"https:\/\/jornalnovametropole.com.br\/wp\/primavera-conquista-vaga-em-torneio-nacional-em-2026\/","title":{"rendered":"Primavera conquista vaga em Torneio Nacional em 2026"},"content":{"rendered":"\n<p>Nesse \u00faltimo domingo (28), o Primavera fez hist\u00f3ria novamente e alcan\u00e7ou mais um feito in\u00e9dito em seus 98 anos de funda\u00e7\u00e3o. Pela primeira vez, o Fantasma disputar\u00e1 uma competi\u00e7\u00e3o nacional.<br>A classifica\u00e7\u00e3o veio em um jogo emocionante. Com vit\u00f3ria por 2 a 1 no tempo regulamentar, o Primavera passou pelo Gr\u00eamio Prudente na disputa de p\u00eanaltis, garantiu vaga na final e, consequentemente, sua participa\u00e7\u00e3o em uma competi\u00e7\u00e3o nacional em 2026, seja a Copa do Brasil ou o Brasileir\u00e3o S\u00e9rie D.<\/p>\n\n\n\n<figure class=\"wp-block-image size-full\"><a href=\"http:\/\/jornalnovametropole.com.br\/wp\/wp-content\/uploads\/2025\/10\/primavera-4.jpg\"><img loading=\"lazy\" width=\"651\" height=\"838\" src=\"http:\/\/jornalnovametropole.com.br\/wp\/wp-content\/uploads\/2025\/10\/primavera-4.jpg\" alt=\"\" class=\"wp-image-32322\" srcset=\"https:\/\/jornalnovametropole.com.br\/wp\/wp-content\/uploads\/2025\/10\/primavera-4.jpg 651w, https:\/\/jornalnovametropole.com.br\/wp\/wp-content\/uploads\/2025\/10\/primavera-4-233x300.jpg 233w\" sizes=\"(max-width: 651px) 100vw, 651px\" \/><\/a><figcaption>Reprodu\u00e7\u00e3o Instagram<\/figcaption><\/figure>\n\n\n\n<p><strong>Importante<\/strong><br>\u201cO objetivo era fazer hist\u00f3ria no clube, chegar numa final e conseguir vaga para competi\u00e7\u00f5es nacionais. Ent\u00e3o, eu acho que estar chegando na final, fazendo o \u00faltimo gol, \u00e9 algo importante para mim, mas tamb\u00e9m para esse grupo que \u00e9 batalhador, que todos os dias t\u00e1 se entregando pra que as coisas venham a acontecer da melhor forma em todas as partidas\u201d, comemorou Kauan Martins, autor do gol decisivo nas cobran\u00e7as de p\u00eanaltis.<br>\u201cEu estou muito feliz, muito feliz de verdade, pela oportunidade que me deram quando eu vim pra c\u00e1. Eu acho que \u00e9 um feito hist\u00f3rico, que ningu\u00e9m tinha feito. As pessoas que passaram, cada um colocou um tijolinho ali e gra\u00e7as a tudo isso que eles fizeram n\u00f3s conseguimos fazer um grande feito aqui hoje\u201d, celebrou o goleiro Ariel, que defendeu duas penalidades na semifinal.<\/p>\n\n\n\n<p><strong>Marca<\/strong><br>O t\u00e9cnico Fernando Marchiori chegou a uma marca impressionante: sua quinta final em quatro anos, entre competi\u00e7\u00f5es nacionais e estaduais.<br>Desde 2022, Marchiori chegou \u00e0 duas finais seguidas do Campeonato Potiguar (22 e 23) e Brasileir\u00e3o S\u00e9rie C (22), todas com o ABC-RN.<br>Em 2025, agora no comando do Primavera, o t\u00e9cnico alcan\u00e7ou um feito hist\u00f3rico, chegando na final do Campeonato Paulista S\u00e9rie A2 e da Copa Paulista, em um intervalo de apenas seis meses.<br>\u201cEu acho que \u00e9 um momento magn\u00edfico, onde temos que agradecer a todos que acreditaram: patrocinadores, staff, comiss\u00e3o t\u00e9cnica, funcion\u00e1rios, o nosso torcedor e, principalmente, todos os nossos atletas. E eu tamb\u00e9m agrade\u00e7o a Deus, neste quarto ano, cinco finais. Isso \u00e9 muita coisa para um futebol t\u00e3o equilibrado, t\u00e3o disputado e dif\u00edcil como que \u00e9 o brasileiro, tendo as conquistas nacionais e regionais. Ent\u00e3o, s\u00f3 tenho que agradecer \u00e0 Deus e todos que est\u00e3o do meu lado, minha fam\u00edlia, minha esposa, minha m\u00e3e, irm\u00e3os, amigos, a minha comiss\u00e3o t\u00e9cnica principalmente. Cada um dentro deles tem o seu valor, a sua import\u00e2ncia\u201d, celebrou Marchiori.<\/p>\n\n\n\n<p><strong>Decis\u00e3o<\/strong><br>A grande decis\u00e3o ser\u00e1 entre Primavera e XV de Piracicaba. O vencedor poder\u00e1 escolher entre disputar a Copa do Brasil ou a S\u00e9rie D, com o vice ficando com a op\u00e7\u00e3o restante.<\/p>\n","protected":false},"excerpt":{"rendered":"<p>Nesse \u00faltimo domingo (28), o Primavera fez hist\u00f3ria novamente e alcan\u00e7ou mais um feito in\u00e9dito em seus 98 anos de<\/p>\n","protected":false},"author":4,"featured_media":32322,"comment_status":"closed","ping_status":"closed","sticky":false,"template":"","format":"standard","meta":[],"categories":[4],"tags":[7006,3580,109],"_links":{"self":[{"href":"https:\/\/jornalnovametropole.com.br\/wp\/wp-json\/wp\/v2\/posts\/32321"}],"collection":[{"href":"https:\/\/jornalnovametropole.com.br\/wp\/wp-json\/wp\/v2\/posts"}],"about":[{"href":"https:\/\/jornalnovametropole.com.br\/wp\/wp-json\/wp\/v2\/types\/post"}],"author":[{"embeddable":true,"href":"https:\/\/jornalnovametropole.com.br\/wp\/wp-json\/wp\/v2\/users\/4"}],"replies":[{"embeddable":true,"href":"https:\/\/jornalnovametropole.com.br\/wp\/wp-json\/wp\/v2\/comments?post=32321"}],"version-history":[{"count":1,"href":"https:\/\/jornalnovametropole.com.br\/wp\/wp-json\/wp\/v2\/posts\/32321\/revisions"}],"predecessor-version":[{"id":32323,"href":"https:\/\/jornalnovametropole.com.br\/wp\/wp-json\/wp\/v2\/posts\/32321\/revisions\/32323"}],"wp:featuredmedia":[{"embeddable":true,"href":"https:\/\/jornalnovametropole.com.br\/wp\/wp-json\/wp\/v2\/media\/32322"}],"wp:attachment":[{"href":"https:\/\/jornalnovametropole.com.br\/wp\/wp-json\/wp\/v2\/media?parent=32321"}],"wp:term":[{"taxonomy":"category","embeddable":true,"href":"https:\/\/jornalnovametropole.com.br\/wp\/wp-json\/wp\/v2\/categories?post=32321"},{"taxonomy":"post_tag","embeddable":true,"href":"https:\/\/jornalnovametropole.com.br\/wp\/wp-json\/wp\/v2\/tags?post=32321"}],"curies":[{"name":"wp","href":"https:\/\/api.w.org\/{rel}","templated":true}]}}