{"id":32240,"date":"2025-09-12T09:55:03","date_gmt":"2025-09-12T09:55:03","guid":{"rendered":"http:\/\/jornalnovametropole.com.br\/wp\/?p=32240"},"modified":"2025-09-12T10:14:50","modified_gmt":"2025-09-12T10:14:50","slug":"indaiatuba-implanta-programa-de-subsidio-habitacional-para-familias-de-baixa-renda","status":"publish","type":"post","link":"https:\/\/jornalnovametropole.com.br\/wp\/indaiatuba-implanta-programa-de-subsidio-habitacional-para-familias-de-baixa-renda\/","title":{"rendered":"Indaiatuba implanta Programa de Subs\u00eddio Habitacional para fam\u00edlias de baixa renda"},"content":{"rendered":"\n<p>O prefeito Dr. Cust\u00f3dio Tavares (MDB) sancionou a Lei n\u00ba 8.342, de 3 de setembro de 2025, que institui o Programa de Subs\u00eddio Habitacional Municipal. A iniciativa ser\u00e1 operacionalizada pela Secretaria Municipal de Habita\u00e7\u00e3o, com apoio do COMHABIT, respons\u00e1vel pela fiscaliza\u00e7\u00e3o e pelo cumprimento das regras.<br>O programa tem como objetivo conceder subs\u00eddio financeiro a fam\u00edlias de baixa renda, enquadradas nas faixas 2 e 3 do Programa Minha Casa Minha Vida (PMCMV) ou do programa Casa Paulista (Carta de Cr\u00e9dito Imobili\u00e1rio &#8211; CCI ) do Governo do Estado de S\u00e3o Paulo, ou qualquer outro programa habitacional, que n\u00e3o impede a concess\u00e3o do subs\u00eddio da LEI, bem como, programas habitacionais federais equivalentes.<\/p>\n\n\n\n<figure class=\"wp-block-image size-large\"><a href=\"http:\/\/jornalnovametropole.com.br\/wp\/wp-content\/uploads\/2025\/09\/habitacao.jpg\"><img loading=\"lazy\" width=\"1024\" height=\"575\" src=\"http:\/\/jornalnovametropole.com.br\/wp\/wp-content\/uploads\/2025\/09\/habitacao-1024x575.jpg\" alt=\"\" class=\"wp-image-32241\" srcset=\"https:\/\/jornalnovametropole.com.br\/wp\/wp-content\/uploads\/2025\/09\/habitacao-1024x575.jpg 1024w, https:\/\/jornalnovametropole.com.br\/wp\/wp-content\/uploads\/2025\/09\/habitacao-300x169.jpg 300w, https:\/\/jornalnovametropole.com.br\/wp\/wp-content\/uploads\/2025\/09\/habitacao-768x432.jpg 768w, https:\/\/jornalnovametropole.com.br\/wp\/wp-content\/uploads\/2025\/09\/habitacao.jpg 1500w\" sizes=\"(max-width: 1024px) 100vw, 1024px\" \/><\/a><figcaption>Foto: Arquivo: Eliandro Figueira\/GP<\/figcaption><\/figure>\n\n\n\n<p><br>Pela legisla\u00e7\u00e3o, o munic\u00edpio poder\u00e1 oferecer subs\u00eddios para auxiliar fam\u00edlias na aquisi\u00e7\u00e3o da casa pr\u00f3pria em empreendimentos populares. O valor do benef\u00edcio ser\u00e1 de at\u00e9 541 UFESP por im\u00f3vel, limitado a 541 mil UFESP que se refere ao pre\u00e7o social, ou seja, um valor reduzido para um produto ou servi\u00e7o, tornando-o mais acess\u00edvel a pessoas de baixa renda ou em situa\u00e7\u00e3o de vulnerabilidade.<br>O repasse ser\u00e1 feito diretamente ao agente financeiro do empreendimento, funcionando como complemento do valor de entrada para a compra da unidade habitacional.<br>De acordo com o prefeito Cust\u00f3dio Tavares, a medida representa um avan\u00e7o importante nas pol\u00edticas habitacionais do munic\u00edpio. \u201cEsse programa \u00e9 mais uma a\u00e7\u00e3o concreta para reduzir o d\u00e9ficit habitacional e apoiar as fam\u00edlias que mais precisam na conquista da casa pr\u00f3pria. Estamos garantindo dignidade e oportunidade para nossa popula\u00e7\u00e3o de baixa renda\u201d, destacou o prefeito.<br>O secret\u00e1rio municipal de Habita\u00e7\u00e3o, Osni Wulf, refor\u00e7ou a relev\u00e2ncia da iniciativa. \u201cCom o Subs\u00eddio Habitacional Municipal, a Prefeitura amplia o alcance dos programas j\u00e1 existentes e ajuda as fam\u00edlias a darem o passo mais importante: conquistar a entrada da casa pr\u00f3pria. \u00c9 uma pol\u00edtica p\u00fablica que dialoga com a realidade da popula\u00e7\u00e3o e fortalece o direito \u00e0 moradia\u201d, afirmou.<\/p>\n","protected":false},"excerpt":{"rendered":"<p>O prefeito Dr. Cust\u00f3dio Tavares (MDB) sancionou a Lei n\u00ba 8.342, de 3 de setembro de 2025, que institui o<\/p>\n","protected":false},"author":4,"featured_media":32241,"comment_status":"closed","ping_status":"closed","sticky":false,"template":"","format":"standard","meta":[],"categories":[3],"tags":[7944,1338,228],"_links":{"self":[{"href":"https:\/\/jornalnovametropole.com.br\/wp\/wp-json\/wp\/v2\/posts\/32240"}],"collection":[{"href":"https:\/\/jornalnovametropole.com.br\/wp\/wp-json\/wp\/v2\/posts"}],"about":[{"href":"https:\/\/jornalnovametropole.com.br\/wp\/wp-json\/wp\/v2\/types\/post"}],"author":[{"embeddable":true,"href":"https:\/\/jornalnovametropole.com.br\/wp\/wp-json\/wp\/v2\/users\/4"}],"replies":[{"embeddable":true,"href":"https:\/\/jornalnovametropole.com.br\/wp\/wp-json\/wp\/v2\/comments?post=32240"}],"version-history":[{"count":1,"href":"https:\/\/jornalnovametropole.com.br\/wp\/wp-json\/wp\/v2\/posts\/32240\/revisions"}],"predecessor-version":[{"id":32242,"href":"https:\/\/jornalnovametropole.com.br\/wp\/wp-json\/wp\/v2\/posts\/32240\/revisions\/32242"}],"wp:featuredmedia":[{"embeddable":true,"href":"https:\/\/jornalnovametropole.com.br\/wp\/wp-json\/wp\/v2\/media\/32241"}],"wp:attachment":[{"href":"https:\/\/jornalnovametropole.com.br\/wp\/wp-json\/wp\/v2\/media?parent=32240"}],"wp:term":[{"taxonomy":"category","embeddable":true,"href":"https:\/\/jornalnovametropole.com.br\/wp\/wp-json\/wp\/v2\/categories?post=32240"},{"taxonomy":"post_tag","embeddable":true,"href":"https:\/\/jornalnovametropole.com.br\/wp\/wp-json\/wp\/v2\/tags?post=32240"}],"curies":[{"name":"wp","href":"https:\/\/api.w.org\/{rel}","templated":true}]}}