{"id":32201,"date":"2025-09-02T17:11:33","date_gmt":"2025-09-02T17:11:33","guid":{"rendered":"http:\/\/jornalnovametropole.com.br\/wp\/?p=32201"},"modified":"2025-09-02T17:11:34","modified_gmt":"2025-09-02T17:11:34","slug":"uma-nova-voz-na-musica-brasileira-felipe-nogueira","status":"publish","type":"post","link":"https:\/\/jornalnovametropole.com.br\/wp\/uma-nova-voz-na-musica-brasileira-felipe-nogueira\/","title":{"rendered":"Uma nova voz na m\u00fasica brasileira: Felipe Nogueira"},"content":{"rendered":"\n<p>Em meio \u00e0 agita\u00e7\u00e3o da 36\u00aa edi\u00e7\u00e3o da FAICI (Festa do Pe\u00e3o de Indaiatuba), uma figura chamou a aten\u00e7\u00e3o dos f\u00e3s locais: o jovem cantor Felipe Nogueira, que brilhou no Palco Cultural na noite de 15 de agosto, antecedendo o aguardado show da dupla sertaneja Z\u00e9 Neto &amp; Cristiano. Felipe \u00e9 filho do ex-prefeito e ex-deputado Federal Reinaldo Nogueira e Cristiana Corr\u00eaa.<\/p>\n\n\n\n<figure class=\"wp-block-image size-full\"><a href=\"http:\/\/jornalnovametropole.com.br\/wp\/wp-content\/uploads\/2025\/09\/felipe.jpg\"><img loading=\"lazy\" width=\"815\" height=\"856\" src=\"http:\/\/jornalnovametropole.com.br\/wp\/wp-content\/uploads\/2025\/09\/felipe.jpg\" alt=\"\" class=\"wp-image-32202\" srcset=\"https:\/\/jornalnovametropole.com.br\/wp\/wp-content\/uploads\/2025\/09\/felipe.jpg 815w, https:\/\/jornalnovametropole.com.br\/wp\/wp-content\/uploads\/2025\/09\/felipe-286x300.jpg 286w, https:\/\/jornalnovametropole.com.br\/wp\/wp-content\/uploads\/2025\/09\/felipe-768x807.jpg 768w\" sizes=\"(max-width: 815px) 100vw, 815px\" \/><\/a><figcaption>Reprodu\u00e7\u00e3o Instagram<\/figcaption><\/figure>\n\n\n\n<p><br>A FAICI 2025, como sempre, vem agitando a regi\u00e3o com uma programa\u00e7\u00e3o intensa \u2014 rodeios, montarias, pra\u00e7a de alimenta\u00e7\u00e3o diversificada, seguran\u00e7a refor\u00e7ada e, claro, m\u00fasica para todos os gostos. Entre os artistas desta edi\u00e7\u00e3o est\u00e3o: Simone Mendes, P\u00e9ricles, Luana Prado e Maiara &amp; Mara\u00edsa.<br>Neste contexto, o Palco Cultural tem se destacado como plataforma ideal para talentos da cidade e regi\u00e3o. Felipe Nogueira foi selecionado para representar essa nova gera\u00e7\u00e3o de artistas locais, levando ao p\u00fablico um repert\u00f3rio que ainda n\u00e3o foi amplamente divulgado.<\/p>\n\n\n\n<p><br>A escolha de Felipe para compor a grade cultural da FAICI cumpre o prop\u00f3sito central do festival: valorizar o talento local, aproximar o p\u00fablico de artistas emergentes e fortalecer a cena cultural indaiatubana.<\/p>\n\n\n\n<p><strong>Promissor<\/strong><br>Felipe Nogueira pode n\u00e3o ser um nome j\u00e1 consolidado no mercado nacional, mas agora caminha para deixar sua marca em Indaiatuba. Sua presen\u00e7a na FAICI deixa claro o compromisso do festival com a renova\u00e7\u00e3o da cena musical da regi\u00e3o e com artistas que ainda esperam ser descobertos. Ser\u00e1, sem d\u00favida, um momento de aten\u00e7\u00e3o para o p\u00fablico local \u2014 e quem sabe o primeiro passo de um caminho promissor.<\/p>\n\n\n\n<p><br>Vale ainda observar que, se por enquanto Felipe Nogueira mant\u00e9m-se como mist\u00e9rio para o grande p\u00fablico, a FAICI poder\u00e1 impulsionar sua trajet\u00f3ria \u2014 oferecer ao artista uma plataforma que reverbera e abre portas para um novo ciclo de reconhecimento.<\/p>\n\n\n\n<p><br>Al\u00e9m disso, a programa\u00e7\u00e3o musical da FAICI 2025 refor\u00e7a a pluralidade de ritmos e a ambi\u00e7\u00e3o cultural de Indaiatuba \u2014 com apresenta\u00e7\u00f5es que v\u00e3o de rodeio a shows de sertanejo, mas com um recorte para fomentar novos talentos.<\/p>\n","protected":false},"excerpt":{"rendered":"<p>Em meio \u00e0 agita\u00e7\u00e3o da 36\u00aa edi\u00e7\u00e3o da FAICI (Festa do Pe\u00e3o de Indaiatuba), uma figura chamou a aten\u00e7\u00e3o dos<\/p>\n","protected":false},"author":4,"featured_media":32202,"comment_status":"closed","ping_status":"closed","sticky":false,"template":"","format":"standard","meta":[],"categories":[3],"tags":[7908,7920,625],"_links":{"self":[{"href":"https:\/\/jornalnovametropole.com.br\/wp\/wp-json\/wp\/v2\/posts\/32201"}],"collection":[{"href":"https:\/\/jornalnovametropole.com.br\/wp\/wp-json\/wp\/v2\/posts"}],"about":[{"href":"https:\/\/jornalnovametropole.com.br\/wp\/wp-json\/wp\/v2\/types\/post"}],"author":[{"embeddable":true,"href":"https:\/\/jornalnovametropole.com.br\/wp\/wp-json\/wp\/v2\/users\/4"}],"replies":[{"embeddable":true,"href":"https:\/\/jornalnovametropole.com.br\/wp\/wp-json\/wp\/v2\/comments?post=32201"}],"version-history":[{"count":1,"href":"https:\/\/jornalnovametropole.com.br\/wp\/wp-json\/wp\/v2\/posts\/32201\/revisions"}],"predecessor-version":[{"id":32203,"href":"https:\/\/jornalnovametropole.com.br\/wp\/wp-json\/wp\/v2\/posts\/32201\/revisions\/32203"}],"wp:featuredmedia":[{"embeddable":true,"href":"https:\/\/jornalnovametropole.com.br\/wp\/wp-json\/wp\/v2\/media\/32202"}],"wp:attachment":[{"href":"https:\/\/jornalnovametropole.com.br\/wp\/wp-json\/wp\/v2\/media?parent=32201"}],"wp:term":[{"taxonomy":"category","embeddable":true,"href":"https:\/\/jornalnovametropole.com.br\/wp\/wp-json\/wp\/v2\/categories?post=32201"},{"taxonomy":"post_tag","embeddable":true,"href":"https:\/\/jornalnovametropole.com.br\/wp\/wp-json\/wp\/v2\/tags?post=32201"}],"curies":[{"name":"wp","href":"https:\/\/api.w.org\/{rel}","templated":true}]}}