{"id":3218,"date":"2015-05-04T12:59:38","date_gmt":"2015-05-04T12:59:38","guid":{"rendered":"http:\/\/jornalnovametropole.com.br\/wp\/?p=3218"},"modified":"2015-05-04T12:59:38","modified_gmt":"2015-05-04T12:59:38","slug":"programa-auxilia-jovens-na-escolha-de-uma-profissao","status":"publish","type":"post","link":"https:\/\/jornalnovametropole.com.br\/wp\/programa-auxilia-jovens-na-escolha-de-uma-profissao\/","title":{"rendered":"Programa auxilia jovens na escolha de uma profiss\u00e3o"},"content":{"rendered":"<h3>Max Planck lan\u00e7a programa de Orienta\u00e7\u00e3o Profissional<\/h3>\n<figure id=\"attachment_3219\" aria-describedby=\"caption-attachment-3219\" style=\"width: 742px\" class=\"wp-caption alignnone\"><a href=\"http:\/\/jornalnovametropole.com.br\/wp\/wp-content\/uploads\/2015\/05\/10-Max.jpg\"><img loading=\"lazy\" class=\"size-full wp-image-3219\" src=\"http:\/\/jornalnovametropole.com.br\/wp\/wp-content\/uploads\/2015\/05\/10-Max.jpg\" alt=\"O projeto piloto foi realizado com os estudantes da Escola Estadual Milton Leme do Prado no Cecap, em Indaiatuba\" width=\"742\" height=\"500\" srcset=\"https:\/\/jornalnovametropole.com.br\/wp\/wp-content\/uploads\/2015\/05\/10-Max.jpg 742w, https:\/\/jornalnovametropole.com.br\/wp\/wp-content\/uploads\/2015\/05\/10-Max-300x202.jpg 300w\" sizes=\"(max-width: 742px) 100vw, 742px\" \/><\/a><figcaption id=\"caption-attachment-3219\" class=\"wp-caption-text\">O projeto piloto foi realizado com os estudantes da Escola Estadual Milton Leme do Prado no Cecap, em Indaiatuba<\/figcaption><\/figure>\n<p>O Curso de Gest\u00e3o de Recursos Humanos da Faculdade Max Planck lan\u00e7ou, em abril, o Programa de Orienta\u00e7\u00e3o Profissional (POP) voltado para alunos do terceiro ano do Ensino M\u00e9dio. O projeto piloto foi realizado com a Escola Estadual Milton Leme do Prado, em Indaiatuba. A proposta do POP \u00e9 facilitar a escolha desses jovens, auxiliando-os na compreens\u00e3o de sua situa\u00e7\u00e3o de vida incluindo aspectos pessoais, familiares e sociais para que possam chegar a uma decis\u00e3o pessoal respons\u00e1vel sobre a escolha de uma carreira ou de um trabalho, em fun\u00e7\u00e3o de suas habilidades, interesses, de seu projeto pessoal e de suas condi\u00e7\u00f5es de vida.<br \/>\nMuito embora o processo de escolha esteja presente no dia a dia \u00e9 na adolesc\u00eancia que se observam os conflitos relativos ao acesso ao mundo adulto em termos ocupacionais, especialmente em um cen\u00e1rio de f\u00e1cil acesso \u00e0s informa\u00e7\u00f5es e o crescimento constante de op\u00e7\u00f5es dispon\u00edveis.<br \/>\nO Programa desenvolvido pelo curso de RH compreende uma palestra inicial de sensibiliza\u00e7\u00e3o, o preenchimento de um invent\u00e1rio de interesse profissional e a realiza\u00e7\u00e3o de tr\u00eas encontros com duas horas cada, com o intuito de permitir aos participantes acesso a conhecimentos sobre o mundo do trabalho, as diversas carreiras e cursos existentes, vestibulares, universidades e escolas t\u00e9cnicas e, principalmente, estimular a busca do autoconhecimento. \u201cO instrumento que utilizamos \u00e9 apenas para identificar o interesse do adolescente e, de forma alguma, \u00e9 determinante e absoluto em sua escolha. Jamais a aplica\u00e7\u00e3o de qualquer teste define a voca\u00e7\u00e3o do indiv\u00edduo. Nossa proposta \u00e9 lev\u00e1-lo a encontrar \u2018ele mesmo\u2019 suas respostas\u201d, completa a coordenadora.<br \/>\nVale ressaltar que a dificuldade na escolha profissional n\u00e3o \u00e9 um problema exclusivamente da adolesc\u00eancia. Ao longo da trajet\u00f3ria de vida das pessoas, problemas com decis\u00f5es profissionais e mudan\u00e7as de carreira s\u00e3o relativamente comuns. Nem sempre as pessoas est\u00e3o preparadas para tomar decis\u00f5es, que acarretar\u00e3o mudan\u00e7as importantes em suas vidas.<\/p>\n","protected":false},"excerpt":{"rendered":"<p>Max Planck lan\u00e7a programa de Orienta\u00e7\u00e3o Profissional O Curso de Gest\u00e3o de Recursos Humanos da Faculdade Max Planck lan\u00e7ou, em<\/p>\n","protected":false},"author":2,"featured_media":3219,"comment_status":"open","ping_status":"open","sticky":false,"template":"","format":"standard","meta":[],"categories":[3],"tags":[23],"_links":{"self":[{"href":"https:\/\/jornalnovametropole.com.br\/wp\/wp-json\/wp\/v2\/posts\/3218"}],"collection":[{"href":"https:\/\/jornalnovametropole.com.br\/wp\/wp-json\/wp\/v2\/posts"}],"about":[{"href":"https:\/\/jornalnovametropole.com.br\/wp\/wp-json\/wp\/v2\/types\/post"}],"author":[{"embeddable":true,"href":"https:\/\/jornalnovametropole.com.br\/wp\/wp-json\/wp\/v2\/users\/2"}],"replies":[{"embeddable":true,"href":"https:\/\/jornalnovametropole.com.br\/wp\/wp-json\/wp\/v2\/comments?post=3218"}],"version-history":[{"count":1,"href":"https:\/\/jornalnovametropole.com.br\/wp\/wp-json\/wp\/v2\/posts\/3218\/revisions"}],"predecessor-version":[{"id":3220,"href":"https:\/\/jornalnovametropole.com.br\/wp\/wp-json\/wp\/v2\/posts\/3218\/revisions\/3220"}],"wp:featuredmedia":[{"embeddable":true,"href":"https:\/\/jornalnovametropole.com.br\/wp\/wp-json\/wp\/v2\/media\/3219"}],"wp:attachment":[{"href":"https:\/\/jornalnovametropole.com.br\/wp\/wp-json\/wp\/v2\/media?parent=3218"}],"wp:term":[{"taxonomy":"category","embeddable":true,"href":"https:\/\/jornalnovametropole.com.br\/wp\/wp-json\/wp\/v2\/categories?post=3218"},{"taxonomy":"post_tag","embeddable":true,"href":"https:\/\/jornalnovametropole.com.br\/wp\/wp-json\/wp\/v2\/tags?post=3218"}],"curies":[{"name":"wp","href":"https:\/\/api.w.org\/{rel}","templated":true}]}}