{"id":32156,"date":"2025-08-22T10:18:15","date_gmt":"2025-08-22T10:18:15","guid":{"rendered":"http:\/\/jornalnovametropole.com.br\/wp\/?p=32156"},"modified":"2025-08-22T10:18:17","modified_gmt":"2025-08-22T10:18:17","slug":"primavera-joga-neste-sabado-contra-o-paulista-em-jundiai","status":"publish","type":"post","link":"https:\/\/jornalnovametropole.com.br\/wp\/primavera-joga-neste-sabado-contra-o-paulista-em-jundiai\/","title":{"rendered":"Primavera joga neste s\u00e1bado contra o Paulista em Jundia\u00ed"},"content":{"rendered":"\n<p>O Primavera empatou por 1 a 1 com o S\u00e3o Bento no \u00faltimo s\u00e1bado (dia 16), em Sorocaba, e fechou a primeira fase da Copa Paulista 2025 na quarta coloca\u00e7\u00e3o geral. Com isso, o Fantasma j\u00e1 teve o seu advers\u00e1rio definido para as quartas de final da competi\u00e7\u00e3o: o Paulista de Jundia\u00ed.<br>O gol primaverino veio aos 28 do segundo tempo, em cobran\u00e7a de falta, quando Matheus Anjos acertou a trave e, no rebote, a bola acertou o defensor advers\u00e1rio e entrou. O S\u00e3o Bento empatou nos minutos finais da partida com Deivid.<\/p>\n\n\n\n<figure class=\"wp-block-image size-full\"><a href=\"http:\/\/jornalnovametropole.com.br\/wp\/wp-content\/uploads\/2025\/08\/primavera.jpg\"><img loading=\"lazy\" width=\"662\" height=\"509\" src=\"http:\/\/jornalnovametropole.com.br\/wp\/wp-content\/uploads\/2025\/08\/primavera.jpg\" alt=\"\" class=\"wp-image-32157\" srcset=\"https:\/\/jornalnovametropole.com.br\/wp\/wp-content\/uploads\/2025\/08\/primavera.jpg 662w, https:\/\/jornalnovametropole.com.br\/wp\/wp-content\/uploads\/2025\/08\/primavera-300x231.jpg 300w\" sizes=\"(max-width: 662px) 100vw, 662px\" \/><\/a><figcaption>Reprodu\u00e7\u00e3o Instagram<\/figcaption><\/figure>\n\n\n\n<p><strong>Boa postura<\/strong><br>O t\u00e9cnico Fernando Marchiori elogiou a postura da equipe, e criticou o gramado do Est\u00e1dio Walter Ribeiro. \u201cUm bom comportamento da equipe, s\u00e9rio, mas um campo impratic\u00e1vel, lament\u00e1vel. Agora, o comprometimento dos nossos atletas, mesmo com todas essas dificuldades, tecnicamente tamb\u00e9m se superaram, fomos bem em todos os aspectos\u201d, analisou o treinador.<\/p>\n\n\n\n<p><strong>Dif\u00edcil<\/strong><br>\u201cJ\u00e1 esper\u00e1vamos uma partida dif\u00edcil, o S\u00e3o Bento ainda brigava pela classifica\u00e7\u00e3o. As condi\u00e7\u00f5es do campo tamb\u00e9m n\u00e3o eram das melhores, mas o nosso time mostrou a for\u00e7a que tem fora de casa\u201d, comentou o atacante Henan.<\/p>\n\n\n\n<p><strong>Oitavas de final<\/strong><br>Advers\u00e1rios na fase de grupos, Primavera e Paulista voltam a se enfrentar nas oitavas de final.<br>\u201cUma nova fase, uma grande equipe que n\u00f3s vamos enfrentar, que tamb\u00e9m estava no nosso grupo. Ent\u00e3o temos que estar bem focados para conseguirmos um bom jogo Agora \u00e9 virar a chave e trabalharmos\u201d, comentou Marchiori.<br>Nos dois confrontos entre Primavera e Paulista na fase de grupos, duas vit\u00f3rias do Fantasma. Em Jundia\u00ed, o Tricolor de Indaiatuba venceu por 1 a 0, com gol de Brun\u00e3o, e na volta, em Campinas, 2 a 0, gol de Hugo e um contra.<\/p>\n","protected":false},"excerpt":{"rendered":"<p>O Primavera empatou por 1 a 1 com o S\u00e3o Bento no \u00faltimo s\u00e1bado (dia 16), em Sorocaba, e fechou<\/p>\n","protected":false},"author":4,"featured_media":32157,"comment_status":"closed","ping_status":"closed","sticky":false,"template":"","format":"standard","meta":[],"categories":[4],"tags":[7006,3580,109],"_links":{"self":[{"href":"https:\/\/jornalnovametropole.com.br\/wp\/wp-json\/wp\/v2\/posts\/32156"}],"collection":[{"href":"https:\/\/jornalnovametropole.com.br\/wp\/wp-json\/wp\/v2\/posts"}],"about":[{"href":"https:\/\/jornalnovametropole.com.br\/wp\/wp-json\/wp\/v2\/types\/post"}],"author":[{"embeddable":true,"href":"https:\/\/jornalnovametropole.com.br\/wp\/wp-json\/wp\/v2\/users\/4"}],"replies":[{"embeddable":true,"href":"https:\/\/jornalnovametropole.com.br\/wp\/wp-json\/wp\/v2\/comments?post=32156"}],"version-history":[{"count":1,"href":"https:\/\/jornalnovametropole.com.br\/wp\/wp-json\/wp\/v2\/posts\/32156\/revisions"}],"predecessor-version":[{"id":32158,"href":"https:\/\/jornalnovametropole.com.br\/wp\/wp-json\/wp\/v2\/posts\/32156\/revisions\/32158"}],"wp:featuredmedia":[{"embeddable":true,"href":"https:\/\/jornalnovametropole.com.br\/wp\/wp-json\/wp\/v2\/media\/32157"}],"wp:attachment":[{"href":"https:\/\/jornalnovametropole.com.br\/wp\/wp-json\/wp\/v2\/media?parent=32156"}],"wp:term":[{"taxonomy":"category","embeddable":true,"href":"https:\/\/jornalnovametropole.com.br\/wp\/wp-json\/wp\/v2\/categories?post=32156"},{"taxonomy":"post_tag","embeddable":true,"href":"https:\/\/jornalnovametropole.com.br\/wp\/wp-json\/wp\/v2\/tags?post=32156"}],"curies":[{"name":"wp","href":"https:\/\/api.w.org\/{rel}","templated":true}]}}