{"id":3209,"date":"2015-05-04T12:49:44","date_gmt":"2015-05-04T12:49:44","guid":{"rendered":"http:\/\/jornalnovametropole.com.br\/wp\/?p=3209"},"modified":"2015-05-04T12:49:44","modified_gmt":"2015-05-04T12:49:44","slug":"indaiatuba-inicia-vacinacao-contra-gripe","status":"publish","type":"post","link":"https:\/\/jornalnovametropole.com.br\/wp\/indaiatuba-inicia-vacinacao-contra-gripe\/","title":{"rendered":"Indaiatuba inicia vacina\u00e7\u00e3o contra gripe"},"content":{"rendered":"<p>Na segunda-feira, dia 4, come\u00e7a em todo Brasil a Campanha Nacional de Vacina\u00e7\u00e3o contra a gripe (influenza) e terminar\u00e1 no dia 22. A campanha vacinar\u00e1 idosos, crian\u00e7as, gestantes, mulheres p\u00f3s- parto, profissionais da sa\u00fade entre outros. Indaiatuba tem uma popula\u00e7\u00e3o estimada para ser vacinada de 49.086 pessoas. O dia 9 de maio, s\u00e1bado, foi definido pelo Minist\u00e9rio da Sa\u00fade como o dia \u2018D\u2019 (Dia de Mobiliza\u00e7\u00e3o Nacional).<br \/>\nIndaiatuba tem 21.709 idosos maiores de 60 anos, 4.624 trabalhadores da sa\u00fade, 2.234 gestantes em qualquer fase gestacional, 367 mulheres que deram \u00e0 luz nos \u00faltimos 45 dias, 4.467 crian\u00e7as de 6 meses a menores de 2 anos, 7.994 crian\u00e7as de 2 a 4 anos, 7.691 pessoas com doen\u00e7as cr\u00f4nicas, tais como diabetes e problemas renais, al\u00e9m de transplantados.<br \/>\nRita Ferraz Vaz declarou que a escolha dos grupos priorit\u00e1rios segue recomenda\u00e7\u00e3o da Organiza\u00e7\u00e3o Mundial de Sa\u00fade (OMS). \u201cA vacina estar\u00e1 dispon\u00edvel para todos dos grupos priorit\u00e1rios. Pe\u00e7o por favor que as pessoas n\u00e3o percam a oportunidade de se vacinar\u201d.<\/p>\n","protected":false},"excerpt":{"rendered":"<p>Na segunda-feira, dia 4, come\u00e7a em todo Brasil a Campanha Nacional de Vacina\u00e7\u00e3o contra a gripe (influenza) e terminar\u00e1 no<\/p>\n","protected":false},"author":2,"featured_media":0,"comment_status":"open","ping_status":"open","sticky":false,"template":"","format":"standard","meta":[],"categories":[3],"tags":[646],"_links":{"self":[{"href":"https:\/\/jornalnovametropole.com.br\/wp\/wp-json\/wp\/v2\/posts\/3209"}],"collection":[{"href":"https:\/\/jornalnovametropole.com.br\/wp\/wp-json\/wp\/v2\/posts"}],"about":[{"href":"https:\/\/jornalnovametropole.com.br\/wp\/wp-json\/wp\/v2\/types\/post"}],"author":[{"embeddable":true,"href":"https:\/\/jornalnovametropole.com.br\/wp\/wp-json\/wp\/v2\/users\/2"}],"replies":[{"embeddable":true,"href":"https:\/\/jornalnovametropole.com.br\/wp\/wp-json\/wp\/v2\/comments?post=3209"}],"version-history":[{"count":1,"href":"https:\/\/jornalnovametropole.com.br\/wp\/wp-json\/wp\/v2\/posts\/3209\/revisions"}],"predecessor-version":[{"id":3210,"href":"https:\/\/jornalnovametropole.com.br\/wp\/wp-json\/wp\/v2\/posts\/3209\/revisions\/3210"}],"wp:attachment":[{"href":"https:\/\/jornalnovametropole.com.br\/wp\/wp-json\/wp\/v2\/media?parent=3209"}],"wp:term":[{"taxonomy":"category","embeddable":true,"href":"https:\/\/jornalnovametropole.com.br\/wp\/wp-json\/wp\/v2\/categories?post=3209"},{"taxonomy":"post_tag","embeddable":true,"href":"https:\/\/jornalnovametropole.com.br\/wp\/wp-json\/wp\/v2\/tags?post=3209"}],"curies":[{"name":"wp","href":"https:\/\/api.w.org\/{rel}","templated":true}]}}