{"id":31812,"date":"2023-03-10T12:00:50","date_gmt":"2023-03-10T12:00:50","guid":{"rendered":"http:\/\/jornalnovametropole.com.br\/wp\/?p=31812"},"modified":"2023-03-10T12:00:52","modified_gmt":"2023-03-10T12:00:52","slug":"lencois-maranhenses-concorrem-a-patrimonio-natural-da-humanidade","status":"publish","type":"post","link":"https:\/\/jornalnovametropole.com.br\/wp\/lencois-maranhenses-concorrem-a-patrimonio-natural-da-humanidade\/","title":{"rendered":"Len\u00e7\u00f3is Maranhenses concorrem a Patrim\u00f4nio Natural da Humanidade"},"content":{"rendered":"\n<h2>Uma comiss\u00e3o da Unesco far\u00e1 uma avalia\u00e7\u00e3o presencial do Parque no Maranh\u00e3o<\/h2>\n\n\n\n<p>O Parque dos Len\u00e7\u00f3is Maranhenses concorre ao t\u00edtulo de Patrim\u00f4nio Natural da Humanidade, concedido pela Unesco &#8211; Organiza\u00e7\u00e3o das Na\u00e7\u00f5es Unidas para a Educa\u00e7\u00e3o, a Ci\u00eancia e a Cultura. A confirma\u00e7\u00e3o de que o parque cumpriu as exig\u00eancias t\u00e9cnicas e teve a candidatura aprovada foi feita pelo governador do Maranh\u00e3o, Carlos Brand\u00e3o (PSB), no fim de semana.<\/p>\n\n\n\n<p>&#8220;Recebemos uma carta da Unesco informando que a candidatura dos Len\u00e7\u00f3is Maranhenses a Patrim\u00f4nio Natural da Humanidade atendeu a todas as exig\u00eancias t\u00e9cnicas. E que uma comiss\u00e3o da entidade vir\u00e1 ao Maranh\u00e3o fazer uma avalia\u00e7\u00e3o presencial do Parque&#8221;, confirmou Brand\u00e3o.<\/p>\n\n\n\n<p>Uma comiss\u00e3o da Unesco vir\u00e1 ao Brasil fazer uma avalia\u00e7\u00e3o presencial do parque, mas segundo a assessoria do governo maranhense ainda sem data para acontecer. O governador do estado est\u00e1 confiante e escreveu nas redes sociais que n\u00e3o tem d\u00favida de que os avaliadores &#8220;sair\u00e3o daqui encantados com esse para\u00edso natural, orgulho de todos os maranhenses&#8221;, garantiu o governador.<\/p>\n\n\n\n<p>O Parque Nacional dos Len\u00e7\u00f3is fica a cerca de 250 quil\u00f4metros (km) da capital S\u00e3o Lu\u00eds e foi criado h\u00e1 mais de 40 anos. Ele \u00e9 o maior campo de dunas da Am\u00e9rica do Sul, com uma \u00e1rea de 155 mil hectares. Ou seja, maior que a cidade de S\u00e3o Paulo, sendo famoso pelas lagoas cristalinas que se formam entre as dunas brancas, no per\u00edodo de chuvas. Atualmente, a gest\u00e3o \u00e9 feita pelo Instituto Chico Mendes de Conserva\u00e7\u00e3o da Biodiversidade (ICMBio).<\/p>\n\n\n\n<p>Segundo o Minist\u00e9rio do Meio Ambiente, o Parque atende a pelo menos a tr\u00eas crit\u00e9rios exigidos pela Unesco para se tornar patrim\u00f4nio natural mundial: a beleza natural, os geol\u00f3gicos significativos e os habitats para a conserva\u00e7\u00e3o da biodiversidade, incluindo esp\u00e9cies amea\u00e7adas. O dossi\u00ea de candidatura dos Len\u00e7\u00f3is Maranhenses foi encaminhado em 2018 e o poss\u00edvel t\u00edtulo vai dar mais visibilidade mundial para conserva\u00e7\u00e3o da \u00e1rea.<\/p>\n\n\n\n<p>O Brasil j\u00e1 possui sete s\u00edtios declarados Patrim\u00f4nio Natural Mundial: o Parque Nacional de Igua\u00e7u, em Foz do Igua\u00e7u, na divisa entre Paran\u00e1 e Argentina; as reservas de Mata Atl\u00e2ntica, em S\u00e3o Paulo e Paran\u00e1; a Costa do Descobrimento, na Bahia e Esp\u00edrito Santo; as \u00e1reas Protegidas da Amaz\u00f4nia Central e do Pantanal; a Chapada dos Veadeiros e o Parque Nacional das Emas, em Goi\u00e1s; al\u00e9m do arquip\u00e9lago de Fernando de Noronha e o Atol das Rocas. O Parque dos Len\u00e7\u00f3is Maranhenses pode se tornar o oitavo dessa lista.<\/p>\n\n\n\n<p><em>Texto: Ag\u00eancia Brasil &amp; Foto: Ant\u00f4nio Milena\/Ag. Brasil<\/em><\/p>\n","protected":false},"excerpt":{"rendered":"<p>Uma comiss\u00e3o da Unesco far\u00e1 uma avalia\u00e7\u00e3o presencial do Parque no Maranh\u00e3o O Parque dos Len\u00e7\u00f3is Maranhenses concorre ao t\u00edtulo<\/p>\n","protected":false},"author":3,"featured_media":31813,"comment_status":"closed","ping_status":"closed","sticky":false,"template":"","format":"standard","meta":[],"categories":[6],"tags":[2611,7354,7789,145],"_links":{"self":[{"href":"https:\/\/jornalnovametropole.com.br\/wp\/wp-json\/wp\/v2\/posts\/31812"}],"collection":[{"href":"https:\/\/jornalnovametropole.com.br\/wp\/wp-json\/wp\/v2\/posts"}],"about":[{"href":"https:\/\/jornalnovametropole.com.br\/wp\/wp-json\/wp\/v2\/types\/post"}],"author":[{"embeddable":true,"href":"https:\/\/jornalnovametropole.com.br\/wp\/wp-json\/wp\/v2\/users\/3"}],"replies":[{"embeddable":true,"href":"https:\/\/jornalnovametropole.com.br\/wp\/wp-json\/wp\/v2\/comments?post=31812"}],"version-history":[{"count":1,"href":"https:\/\/jornalnovametropole.com.br\/wp\/wp-json\/wp\/v2\/posts\/31812\/revisions"}],"predecessor-version":[{"id":31814,"href":"https:\/\/jornalnovametropole.com.br\/wp\/wp-json\/wp\/v2\/posts\/31812\/revisions\/31814"}],"wp:featuredmedia":[{"embeddable":true,"href":"https:\/\/jornalnovametropole.com.br\/wp\/wp-json\/wp\/v2\/media\/31813"}],"wp:attachment":[{"href":"https:\/\/jornalnovametropole.com.br\/wp\/wp-json\/wp\/v2\/media?parent=31812"}],"wp:term":[{"taxonomy":"category","embeddable":true,"href":"https:\/\/jornalnovametropole.com.br\/wp\/wp-json\/wp\/v2\/categories?post=31812"},{"taxonomy":"post_tag","embeddable":true,"href":"https:\/\/jornalnovametropole.com.br\/wp\/wp-json\/wp\/v2\/tags?post=31812"}],"curies":[{"name":"wp","href":"https:\/\/api.w.org\/{rel}","templated":true}]}}