{"id":31785,"date":"2023-02-24T11:57:39","date_gmt":"2023-02-24T11:57:39","guid":{"rendered":"http:\/\/jornalnovametropole.com.br\/wp\/?p=31785"},"modified":"2023-02-24T11:57:41","modified_gmt":"2023-02-24T11:57:41","slug":"memoria-nege-alem","status":"publish","type":"post","link":"https:\/\/jornalnovametropole.com.br\/wp\/memoria-nege-alem\/","title":{"rendered":"Mem\u00f3ria: Nege Al\u00e9m"},"content":{"rendered":"\n<p>Faleceu no \u00faltimo dia 11 de fevereiro, com mais de 100 anos de idade, o escritor Nege Al\u00e9m &#8211; autor de v\u00e1rias obras, entre elas &#8220;O velho pescador&#8221;. Nege foi titular da Academia de Letras dos Funcion\u00e1rios do Banco do Brasil por mais de 35 anos e, tamb\u00e9, da Uni\u00e3o de Escritores de S\u00e3o Paulo.<\/p>\n\n\n\n<p>&#8220;N\u00e3o h\u00e1 palavras suficientes para expressar a saudade. Sua partida deixou um vazio imenso em nossos cora\u00e7\u00f5es, mas temos a certeza de que voc\u00ea vive para sempre em suas obras liter\u00e1rias e em nossas mem\u00f3rias. Ao longo de seus mais de cem anos de vida, voc\u00ea deixou um legado de sabedoria, sensibilidade e criatividade. Seus livros encantaram gera\u00e7\u00f5es e inspiraram muitos jovens a seguir os seus passos na literatura. Seus contos, publicados no Jornal Exemplo, eram esperados com ansiedade todas as semanas e sempre traziam uma mensagem de otimismo e esperan\u00e7a. Voc\u00ea foi um escritor, um contador de hist\u00f3rias, mas acima de tudo, um amigo. Sua gentileza, sua humildade e seu amor pelas palavras conquistaram o cora\u00e7\u00e3o de todos que tiveram o prazer de conhec\u00ea-lo. Seu sorriso sempre foi contagiante, sua voz suave e tranquila.&#8221;<\/p>\n\n\n\n<p>&#8220;Hoje, prestamos esta homenagem em sua mem\u00f3ria e queremos dizer que nunca esqueceremos do seu legado. Seus livros continuar\u00e3o a inspirar gera\u00e7\u00f5es e seus contos sempre ser\u00e3o lembrados com carinho pelos leitores da nossa cidade. E voc\u00ea, caro amigo, estar\u00e1 sempre em nossas mentes e em nossos cora\u00e7\u00f5es.&#8221;<\/p>\n\n\n\n<p>Descanse em paz Nege Al\u00e9m! Obrigado por tudo.<\/p>\n\n\n\n<p>Com amor e saudade,<\/p>\n\n\n\n<p>Equipe do Jornal Exemplo<\/p>\n","protected":false},"excerpt":{"rendered":"<p>Faleceu no \u00faltimo dia 11 de fevereiro, com mais de 100 anos de idade, o escritor Nege Al\u00e9m &#8211; autor<\/p>\n","protected":false},"author":3,"featured_media":31787,"comment_status":"closed","ping_status":"closed","sticky":false,"template":"","format":"standard","meta":[],"categories":[3],"tags":[7780,7610,1080,7779],"_links":{"self":[{"href":"https:\/\/jornalnovametropole.com.br\/wp\/wp-json\/wp\/v2\/posts\/31785"}],"collection":[{"href":"https:\/\/jornalnovametropole.com.br\/wp\/wp-json\/wp\/v2\/posts"}],"about":[{"href":"https:\/\/jornalnovametropole.com.br\/wp\/wp-json\/wp\/v2\/types\/post"}],"author":[{"embeddable":true,"href":"https:\/\/jornalnovametropole.com.br\/wp\/wp-json\/wp\/v2\/users\/3"}],"replies":[{"embeddable":true,"href":"https:\/\/jornalnovametropole.com.br\/wp\/wp-json\/wp\/v2\/comments?post=31785"}],"version-history":[{"count":1,"href":"https:\/\/jornalnovametropole.com.br\/wp\/wp-json\/wp\/v2\/posts\/31785\/revisions"}],"predecessor-version":[{"id":31788,"href":"https:\/\/jornalnovametropole.com.br\/wp\/wp-json\/wp\/v2\/posts\/31785\/revisions\/31788"}],"wp:featuredmedia":[{"embeddable":true,"href":"https:\/\/jornalnovametropole.com.br\/wp\/wp-json\/wp\/v2\/media\/31787"}],"wp:attachment":[{"href":"https:\/\/jornalnovametropole.com.br\/wp\/wp-json\/wp\/v2\/media?parent=31785"}],"wp:term":[{"taxonomy":"category","embeddable":true,"href":"https:\/\/jornalnovametropole.com.br\/wp\/wp-json\/wp\/v2\/categories?post=31785"},{"taxonomy":"post_tag","embeddable":true,"href":"https:\/\/jornalnovametropole.com.br\/wp\/wp-json\/wp\/v2\/tags?post=31785"}],"curies":[{"name":"wp","href":"https:\/\/api.w.org\/{rel}","templated":true}]}}