{"id":31696,"date":"2023-02-10T12:45:38","date_gmt":"2023-02-10T12:45:38","guid":{"rendered":"http:\/\/jornalnovametropole.com.br\/wp\/?p=31696"},"modified":"2023-02-10T12:45:39","modified_gmt":"2023-02-10T12:45:39","slug":"suica-oferece-restauracao-de-peca-historica","status":"publish","type":"post","link":"https:\/\/jornalnovametropole.com.br\/wp\/suica-oferece-restauracao-de-peca-historica\/","title":{"rendered":"Su\u00ed\u00e7a oferece restaura\u00e7\u00e3o de pe\u00e7a hist\u00f3rica"},"content":{"rendered":"\n<h2><strong>Rel\u00f3gio do Planalto<\/strong><\/h2>\n\n\n\n<h2>Este foi destru\u00eddo durante os atos antidemocr\u00e1ticos na Capital Federal<\/h2>\n\n\n\n<p>O governo brasileiro pode ter encontrado uma solu\u00e7\u00e3o para recuperar o rel\u00f3gio do s\u00e9culo 17 que foi destru\u00eddo no Pal\u00e1cio do Planalto, durante os atos antidemocr\u00e1ticos do dia 8 de janeiro. De acordo com a ministra da Cultura, Margareth Menezes, a Embaixada da Su\u00ed\u00e7a se ofereceu para intermediar o conserto da pe\u00e7a, feita pelo famoso relojoeiro franc\u00eas Balthazar Martinot.<\/p>\n\n\n\n<p><strong>Experi\u00eancia<\/strong><br>A oferta foi feita pelo embaixador Pietro Lazzeri, segundo a ministra. \u201cEle ofereceu uma a\u00e7\u00e3o de recupera\u00e7\u00e3o do rel\u00f3gio, porque tem empresa de restauradores com experi\u00eancia nesse tipo de reforma que \u00e9 centen\u00e1ria. Ser\u00e1, segundo eles, uma honraria e uma manifesta\u00e7\u00e3o em favorecimento \u00e0 democracia\u201d, acrescentou, durante caf\u00e9 da manh\u00e3 com jornalistas. A ministra lembrou que o rel\u00f3gio tem muitas peculiaridades, como uso de casca de tartaruga para sua confec\u00e7\u00e3o, o que torna ainda mais dif\u00edcil o procedimento. Margareth Menezes disse que a \u00fanica contrapartida solicitada pela empresa su\u00ed\u00e7a \u00e9 que haja um interc\u00e2mbio entre profissionais brasileiros e su\u00ed\u00e7os.<\/p>\n\n\n\n<p><strong>Presente<\/strong><br>O rel\u00f3gio, um presente concedido pela corte francesa a dom Jo\u00e3o VI, foi trazido ao Brasil em 1808. Das v\u00e1rias pe\u00e7as produzidas, apenas dois exemplares resistiram ao tempo. O outro est\u00e1 guardado no Pal\u00e1cio de Versalhes, em Paris. A destrui\u00e7\u00e3o da pe\u00e7a foi flagrada em v\u00eddeo, no interior do Pal\u00e1cio do Planalto, durante as manifesta\u00e7\u00f5es golpistas. O respons\u00e1vel pelo ato de vandalismo j\u00e1 foi identificado. Trata-se de Ant\u00f4nio Cl\u00e1udio Alves Ferreira, que foi posteriormente preso em Minas Gerais.<\/p>\n\n\n\n<p><em>(C) Texto: Ag\u00eancia Brasil &amp; Foto: Reprodu\u00e7\u00e3o Twitter<\/em><\/p>\n","protected":false},"excerpt":{"rendered":"<p>Rel\u00f3gio do Planalto Este foi destru\u00eddo durante os atos antidemocr\u00e1ticos na Capital Federal O governo brasileiro pode ter encontrado uma<\/p>\n","protected":false},"author":3,"featured_media":31697,"comment_status":"closed","ping_status":"closed","sticky":false,"template":"","format":"standard","meta":[],"categories":[3000],"tags":[7743,7719,7744,7393],"_links":{"self":[{"href":"https:\/\/jornalnovametropole.com.br\/wp\/wp-json\/wp\/v2\/posts\/31696"}],"collection":[{"href":"https:\/\/jornalnovametropole.com.br\/wp\/wp-json\/wp\/v2\/posts"}],"about":[{"href":"https:\/\/jornalnovametropole.com.br\/wp\/wp-json\/wp\/v2\/types\/post"}],"author":[{"embeddable":true,"href":"https:\/\/jornalnovametropole.com.br\/wp\/wp-json\/wp\/v2\/users\/3"}],"replies":[{"embeddable":true,"href":"https:\/\/jornalnovametropole.com.br\/wp\/wp-json\/wp\/v2\/comments?post=31696"}],"version-history":[{"count":1,"href":"https:\/\/jornalnovametropole.com.br\/wp\/wp-json\/wp\/v2\/posts\/31696\/revisions"}],"predecessor-version":[{"id":31698,"href":"https:\/\/jornalnovametropole.com.br\/wp\/wp-json\/wp\/v2\/posts\/31696\/revisions\/31698"}],"wp:featuredmedia":[{"embeddable":true,"href":"https:\/\/jornalnovametropole.com.br\/wp\/wp-json\/wp\/v2\/media\/31697"}],"wp:attachment":[{"href":"https:\/\/jornalnovametropole.com.br\/wp\/wp-json\/wp\/v2\/media?parent=31696"}],"wp:term":[{"taxonomy":"category","embeddable":true,"href":"https:\/\/jornalnovametropole.com.br\/wp\/wp-json\/wp\/v2\/categories?post=31696"},{"taxonomy":"post_tag","embeddable":true,"href":"https:\/\/jornalnovametropole.com.br\/wp\/wp-json\/wp\/v2\/tags?post=31696"}],"curies":[{"name":"wp","href":"https:\/\/api.w.org\/{rel}","templated":true}]}}