{"id":31690,"date":"2023-02-10T12:30:13","date_gmt":"2023-02-10T12:30:13","guid":{"rendered":"http:\/\/jornalnovametropole.com.br\/wp\/?p=31690"},"modified":"2023-02-10T12:30:16","modified_gmt":"2023-02-10T12:30:16","slug":"inclusao-topazio-cinemas-promove-sessao-acolher","status":"publish","type":"post","link":"https:\/\/jornalnovametropole.com.br\/wp\/inclusao-topazio-cinemas-promove-sessao-acolher\/","title":{"rendered":"Inclus\u00e3o: Top\u00e1zio Cinemas promove \u201cSess\u00e3o Acolher\u201d"},"content":{"rendered":"\n<h2>S\u00e3o proje\u00e7\u00f5es adaptadas para pessoas com dist\u00farbios sensoriais<\/h2>\n\n\n\n<p>Pessoas com dist\u00farbios sensoriais ter\u00e3o novamente a oportunidade de ir \u00e0 uma sess\u00e3o de cinema especialmente adaptada para elas. Iniciativa do Top\u00e1zio Cinemas e do Shopping Jaragu\u00e1 Indaiatuba institu\u00edda em 2019, o projeto, que agora leva o nome de \u201cSess\u00e3o Acolher\u201d, ser\u00e1 retomado em sess\u00f5es bimestrais, tendo in\u00edcio no dia 4 de mar\u00e7o.<\/p>\n\n\n\n<p><strong>O Cuidado<\/strong><br>Nessas sess\u00f5es, as luzes ficam acesas, o som \u00e9 mais baixo, e a plateia pode circular livremente pela sala, andando, dan\u00e7ando, brincando e at\u00e9 cantando.<br>De acordo com Bruna Mascarenhas, gerente de marketing do Top\u00e1zio Cinemas, o retorno dessa atividade inclusiva j\u00e1 estava no radar da empresa desde a retomada das atividades e agora, passados os maiores impactos causados pela pandemia, pode retornar ao calend\u00e1rio.<br><br>\u201cProjetos sociais e inclusivos s\u00e3o marcas registradas do Top\u00e1zio Cinemas nos quase 60 anos de atividades em Indaiatuba e as sess\u00f5es para pessoas com dist\u00farbios sensoriais, iniciadas em 2019, eram mais uma dessas iniciativas. Infelizmente foram interrompidas pela pandemia, mas que agora temos condi\u00e7\u00f5es de retomar com seguran\u00e7a\u201d, completa.<br><br>As sess\u00f5es bimestrais acontecer\u00e3o no primeiro s\u00e1bado dos meses de mar\u00e7o, maio, julho, setembro e novembro de 2023, sempre \u00e0s 14h00. Uma sess\u00e3o especial acontecer\u00e1 tamb\u00e9m em abril, m\u00eas que se comemora o Dia Mundial de Conscientiza\u00e7\u00e3o do Autismo.<br><br>O Top\u00e1zio Cinemas tem um hist\u00f3rico forte de projetos culturais, beneficentes e sociais, que atendem diversas entidades e pessoas, como a \u201cCineMaterna\u201d (sess\u00f5es adaptadas para m\u00e3es e pais com beb\u00eas de at\u00e9 18 meses), \u201cCineclube Indaiatuba\u201d, \u201cAssista Mulheres\u201d, \u201cManh\u00e3s Nost\u00e1lgicas\u201d, sess\u00f5es gratuitas, dentre outras iniciativas.<\/p>\n\n\n\n<p><em>(C) Divulga\u00e7\u00e3o<\/em><\/p>\n","protected":false},"excerpt":{"rendered":"<p>S\u00e3o proje\u00e7\u00f5es adaptadas para pessoas com dist\u00farbios sensoriais Pessoas com dist\u00farbios sensoriais ter\u00e3o novamente a oportunidade de ir \u00e0 uma<\/p>\n","protected":false},"author":3,"featured_media":31691,"comment_status":"closed","ping_status":"closed","sticky":false,"template":"","format":"standard","meta":[],"categories":[15],"tags":[2525,228,7741,3814],"_links":{"self":[{"href":"https:\/\/jornalnovametropole.com.br\/wp\/wp-json\/wp\/v2\/posts\/31690"}],"collection":[{"href":"https:\/\/jornalnovametropole.com.br\/wp\/wp-json\/wp\/v2\/posts"}],"about":[{"href":"https:\/\/jornalnovametropole.com.br\/wp\/wp-json\/wp\/v2\/types\/post"}],"author":[{"embeddable":true,"href":"https:\/\/jornalnovametropole.com.br\/wp\/wp-json\/wp\/v2\/users\/3"}],"replies":[{"embeddable":true,"href":"https:\/\/jornalnovametropole.com.br\/wp\/wp-json\/wp\/v2\/comments?post=31690"}],"version-history":[{"count":1,"href":"https:\/\/jornalnovametropole.com.br\/wp\/wp-json\/wp\/v2\/posts\/31690\/revisions"}],"predecessor-version":[{"id":31692,"href":"https:\/\/jornalnovametropole.com.br\/wp\/wp-json\/wp\/v2\/posts\/31690\/revisions\/31692"}],"wp:featuredmedia":[{"embeddable":true,"href":"https:\/\/jornalnovametropole.com.br\/wp\/wp-json\/wp\/v2\/media\/31691"}],"wp:attachment":[{"href":"https:\/\/jornalnovametropole.com.br\/wp\/wp-json\/wp\/v2\/media?parent=31690"}],"wp:term":[{"taxonomy":"category","embeddable":true,"href":"https:\/\/jornalnovametropole.com.br\/wp\/wp-json\/wp\/v2\/categories?post=31690"},{"taxonomy":"post_tag","embeddable":true,"href":"https:\/\/jornalnovametropole.com.br\/wp\/wp-json\/wp\/v2\/tags?post=31690"}],"curies":[{"name":"wp","href":"https:\/\/api.w.org\/{rel}","templated":true}]}}