{"id":31586,"date":"2023-01-13T13:51:28","date_gmt":"2023-01-13T13:51:28","guid":{"rendered":"http:\/\/jornalnovametropole.com.br\/wp\/?p=31586"},"modified":"2023-01-13T13:51:31","modified_gmt":"2023-01-13T13:51:31","slug":"festival-de-verao-edicao-2023-do-evento-acontece-no-parque-ecologico","status":"publish","type":"post","link":"https:\/\/jornalnovametropole.com.br\/wp\/festival-de-verao-edicao-2023-do-evento-acontece-no-parque-ecologico\/","title":{"rendered":"Festival de Ver\u00e3o: edi\u00e7\u00e3o 2023 do evento acontece no Parque Ecol\u00f3gico"},"content":{"rendered":"\n<h2>Op\u00e7\u00f5es musicais, de gastronomia e muito mais desde esta sexta-feira<\/h2>\n\n\n\n<p>Mais de 20 atra\u00e7\u00f5es musicais e diversas op\u00e7\u00f5es gastron\u00f4micas integram a programa\u00e7\u00e3o do Festival de Ver\u00e3o 2023, que come\u00e7a no pr\u00f3ximo dia 13 de janeiro, no Parque Ecol\u00f3gico, ao lado da Concha Ac\u00fastica. A iniciativa \u00e9 uma parceria com o Festival Sabores das \u00c1guas, da Elo Produ\u00e7\u00f5es, e re\u00fane riquezas gastron\u00f4micas dos mares e rios, sempre privilegiando as melhores op\u00e7\u00f5es regionais e produtores locais. O prato chefe ser\u00e1 o camar\u00e3o, mas o p\u00fablico poder\u00e1 encontrar uma grande variedade de receitas. O evento \u00e9 uma correaliza\u00e7\u00e3o da Prefeitura de Indaiatuba, por meio da Secretaria de cultura, e a Elo Produ\u00e7\u00f5es.<\/p>\n\n\n\n<p><strong>Muitas atra\u00e7\u00f5es<\/strong><br>\u201cDamos in\u00edcio \u00e0 temporada 2023 com o Festival de Ver\u00e3o, que re\u00fane muita gastronomia e m\u00fasica, com atra\u00e7\u00f5es dos mais diversos g\u00eaneros, para todos os p\u00fablicos\u201d, destaca a secret\u00e1ria municipal de Cultura, T\u00e2nia Castanho. \u201cTemos pop, rock, m\u00fasica eletr\u00f4nica, sertanejo e samba, com diversos talentos de Indaiatuba e tamb\u00e9m da regi\u00e3o. Est\u00e3o todos convidados\u201d.<\/p>\n\n\n\n<p><strong>Gastronomia<\/strong><br>\u201cO Festival Sabores das \u00c1guas utiliza este elemento com suas riquezas gastron\u00f4micas dos mares e rios. Assim como seu irm\u00e3o g\u00eameo, o Festival Gastron\u00f4mico Sabores da Terra, valoriza a gastronomia regional, o produtor rural e re\u00fane receitas tradicionais. Sua miss\u00e3o \u00e9 resgatar mem\u00f3rias e tradi\u00e7\u00f5es por meio da culin\u00e1ria\u201d, afirma Renata Tannuri Meneghetti, idealizadora do festival e propriet\u00e1ria da Elo Produ\u00e7\u00f5es.<br><br>Na Alameda da Gastronomia, ser\u00e1 poss\u00edvel encontrar pratos como acaraj\u00e9, bob\u00f3 de camar\u00e3o, camar\u00e3o e torresmo na telha, camar\u00e3o empanado, camar\u00e3o alho e \u00f3leo, camar\u00e3o de praia (por\u00e7\u00e3o com batata e anel de cebola), coxinha de camar\u00e3o e salm\u00e3o, espeto de camar\u00e3o empanado, isca de peixe, lula empanada, massas artesanais recheadas com camar\u00e3o e outros sabores, paella, tempur\u00e1 e hamb\u00farguer artesanal na parrila com camar\u00e3o.<br><br>Outras op\u00e7\u00f5es como costela fogo de ch\u00e3o e defumada, torresmo de rolo, lingui\u00e7a artesanal caipira, Paella Caipira e hamb\u00farguer artesanal estar\u00e3o dispon\u00edveis. Na Alameda Praiana ser\u00e1 poss\u00edvel encontrar a\u00e7a\u00ed, chopp artesanal, caipirinha, crepes, espetinhos, milho no prato, sorvetes e sucos.<\/p>\n\n\n\n<p><strong>Sobremesa<\/strong><br>Na Alameda Doce, o p\u00fablico poder\u00e1 encontrar ilha com cascata de chocolate servindo espetos de frutas com chocolate e fondue; crepe doce recheado; churros, churros espanhol e chuvete; donuts, bombas, roscas recheadas e doces artesanais em geral; Doces do Ga\u00facho com bombas, trufas e brigadeiros; Bolo de Chamin\u00e9 com cobertura de chocolate e recheio de creme de avel\u00e3; pipoca caramelizada de chocolate e waffle.<\/p>\n\n\n\n<p><strong>Produtos<\/strong><br>Por fim, na Alameda dos Produtores, dez expositores de Indaiatuba oferecem vinho, artesanato, geleia, p\u00e3es, hamb\u00farguer vegano, licores e muito mais. O evento contar\u00e1 ainda com uma \u00c1rea Infantil, com diversas atra\u00e7\u00f5es como infl\u00e1veis, tiro ao alvo e jumping. Confira abaixo a programa\u00e7\u00e3o completa de shows do Festival de Ver\u00e3o de Indaiatuba 2023.<\/p>\n\n\n\n<p><em>Foto: Reprodu\u00e7\u00e3o Internet<\/em><\/p>\n","protected":false},"excerpt":{"rendered":"<p>Op\u00e7\u00f5es musicais, de gastronomia e muito mais desde esta sexta-feira Mais de 20 atra\u00e7\u00f5es musicais e diversas op\u00e7\u00f5es gastron\u00f4micas integram<\/p>\n","protected":false},"author":3,"featured_media":31587,"comment_status":"closed","ping_status":"closed","sticky":false,"template":"","format":"standard","meta":[],"categories":[3],"tags":[7682,118,228,625,2232],"_links":{"self":[{"href":"https:\/\/jornalnovametropole.com.br\/wp\/wp-json\/wp\/v2\/posts\/31586"}],"collection":[{"href":"https:\/\/jornalnovametropole.com.br\/wp\/wp-json\/wp\/v2\/posts"}],"about":[{"href":"https:\/\/jornalnovametropole.com.br\/wp\/wp-json\/wp\/v2\/types\/post"}],"author":[{"embeddable":true,"href":"https:\/\/jornalnovametropole.com.br\/wp\/wp-json\/wp\/v2\/users\/3"}],"replies":[{"embeddable":true,"href":"https:\/\/jornalnovametropole.com.br\/wp\/wp-json\/wp\/v2\/comments?post=31586"}],"version-history":[{"count":1,"href":"https:\/\/jornalnovametropole.com.br\/wp\/wp-json\/wp\/v2\/posts\/31586\/revisions"}],"predecessor-version":[{"id":31588,"href":"https:\/\/jornalnovametropole.com.br\/wp\/wp-json\/wp\/v2\/posts\/31586\/revisions\/31588"}],"wp:featuredmedia":[{"embeddable":true,"href":"https:\/\/jornalnovametropole.com.br\/wp\/wp-json\/wp\/v2\/media\/31587"}],"wp:attachment":[{"href":"https:\/\/jornalnovametropole.com.br\/wp\/wp-json\/wp\/v2\/media?parent=31586"}],"wp:term":[{"taxonomy":"category","embeddable":true,"href":"https:\/\/jornalnovametropole.com.br\/wp\/wp-json\/wp\/v2\/categories?post=31586"},{"taxonomy":"post_tag","embeddable":true,"href":"https:\/\/jornalnovametropole.com.br\/wp\/wp-json\/wp\/v2\/tags?post=31586"}],"curies":[{"name":"wp","href":"https:\/\/api.w.org\/{rel}","templated":true}]}}