{"id":31492,"date":"2022-12-16T13:26:22","date_gmt":"2022-12-16T13:26:22","guid":{"rendered":"http:\/\/jornalnovametropole.com.br\/wp\/?p=31492"},"modified":"2022-12-16T13:26:24","modified_gmt":"2022-12-16T13:26:24","slug":"campanha-alerta-para-perigo-do-cancer-de-pele-2","status":"publish","type":"post","link":"https:\/\/jornalnovametropole.com.br\/wp\/campanha-alerta-para-perigo-do-cancer-de-pele-2\/","title":{"rendered":"Campanha alerta para perigo do c\u00e2ncer de pele"},"content":{"rendered":"\n<h2>Dezembro Laranja conscientiza a import\u00e2ncia de se proteger do sol<\/h2>\n\n\n\n<p>Com o fim do ano se aproximando, os dias passam a ser cada vez mais ensolarados e quentes. Por isso, a Sociedade Brasileira de Dermatologia (SBD) come\u00e7a a campanha Dezembro Laranja, que alerta a popula\u00e7\u00e3o para os perigos de se expor ao sol sem a devida prote\u00e7\u00e3o.<br><br>\u201cO c\u00e2ncer de pele \u00e9 totalmente cur\u00e1vel desde que voc\u00ea descubra bem no come\u00e7o. A fun\u00e7\u00e3o desta campanha \u00e9 instruir a popula\u00e7\u00e3o sobre os riscos do c\u00e2ncer de pele\u201d &#8211; diz Joaquim Mesquita, coordenador da Campanha Nacional de Preven\u00e7\u00e3o ao C\u00e2ncer de Pele, da SBD.<br><br>A doen\u00e7a \u00e9 dividida em dois grupos: o melanoma e o n\u00e3o melanoma. No primeiro, o tumor afeta os melan\u00f3citos, c\u00e9lulas respons\u00e1veis por produzir a melanina. Apesar de ser menos incidente (estimativa do Inca \u00e9 de 6.260 casos para este ano), este tipo de c\u00e2ncer \u00e9 mais agressivo e, se n\u00e3o for tratado, pode provocar met\u00e1stase. J\u00e1 o n\u00e3o melanoma, \u00e9 menos agressivo, e mais frequente.<\/p>\n\n\n\n<figure class=\"wp-block-image size-large\"><a href=\"http:\/\/jornalnovametropole.com.br\/wp\/wp-content\/uploads\/2022\/12\/16-dezembro-laranja.jpg\"><img loading=\"lazy\" width=\"1024\" height=\"888\" src=\"http:\/\/jornalnovametropole.com.br\/wp\/wp-content\/uploads\/2022\/12\/16-dezembro-laranja-1024x888.jpg\" alt=\"\" class=\"wp-image-31493\" srcset=\"https:\/\/jornalnovametropole.com.br\/wp\/wp-content\/uploads\/2022\/12\/16-dezembro-laranja-1024x888.jpg 1024w, https:\/\/jornalnovametropole.com.br\/wp\/wp-content\/uploads\/2022\/12\/16-dezembro-laranja-300x260.jpg 300w, https:\/\/jornalnovametropole.com.br\/wp\/wp-content\/uploads\/2022\/12\/16-dezembro-laranja-768x666.jpg 768w, https:\/\/jornalnovametropole.com.br\/wp\/wp-content\/uploads\/2022\/12\/16-dezembro-laranja-1536x1332.jpg 1536w, https:\/\/jornalnovametropole.com.br\/wp\/wp-content\/uploads\/2022\/12\/16-dezembro-laranja.jpg 1586w\" sizes=\"(max-width: 1024px) 100vw, 1024px\" \/><\/a><\/figure>\n\n\n\n<p><br><\/p>\n\n\n\n<p><br>Os homens s\u00e3o os mais afetados por este tipo de c\u00e2ncer justamente por causa da maior exposi\u00e7\u00e3o ao sol sem prote\u00e7\u00e3o. Quanto mais branca a pessoa for, maior \u00e9 o risco de desenvolver a doen\u00e7a.<br><br>\u201cAs peles s\u00e3o classificadas em seis fototipos, sendo 1 a branca e 6 a negra. Quem tem os fototipos 1 e 2 est\u00e1 mais propenso a ter c\u00e2ncer de pele. Al\u00e9m disso, quem tem hist\u00f3rico familiar ou pessoal de c\u00e2ncer de pele tem mais risco\u201d &#8211; diz a dermatologista Christiane Gonzaga.<br><br>Por isso, ao notar qualquer pinta nova no corpo, a recomenda\u00e7\u00e3o \u00e9 procurar por um dermatologista ou um cl\u00ednico geral.<br><br>\u201cAs pessoas devem ficar de olho nas manchas e pintas que j\u00e1 t\u00eam: se aumentaram de tamanho rapidamente, se as bordas ficaram irregulares e borradas, se mudaram de cor ou passaram a ter v\u00e1rias cores. Esses s\u00e3o os sintomas de c\u00e2ncer de pele\u201d &#8211; detalha Murilo Drummond, diretor da Cl\u00ednica DrummonDermato.<\/p>\n\n\n\n<p><em>Texto: Evelin Azevedo\/Todo Extra | Foto: Freepik<\/em><\/p>\n","protected":false},"excerpt":{"rendered":"<p>Dezembro Laranja conscientiza a import\u00e2ncia de se proteger do sol Com o fim do ano se aproximando, os dias passam<\/p>\n","protected":false},"author":3,"featured_media":31493,"comment_status":"closed","ping_status":"closed","sticky":false,"template":"","format":"standard","meta":[],"categories":[2882],"tags":[646,1403,1223,74],"_links":{"self":[{"href":"https:\/\/jornalnovametropole.com.br\/wp\/wp-json\/wp\/v2\/posts\/31492"}],"collection":[{"href":"https:\/\/jornalnovametropole.com.br\/wp\/wp-json\/wp\/v2\/posts"}],"about":[{"href":"https:\/\/jornalnovametropole.com.br\/wp\/wp-json\/wp\/v2\/types\/post"}],"author":[{"embeddable":true,"href":"https:\/\/jornalnovametropole.com.br\/wp\/wp-json\/wp\/v2\/users\/3"}],"replies":[{"embeddable":true,"href":"https:\/\/jornalnovametropole.com.br\/wp\/wp-json\/wp\/v2\/comments?post=31492"}],"version-history":[{"count":1,"href":"https:\/\/jornalnovametropole.com.br\/wp\/wp-json\/wp\/v2\/posts\/31492\/revisions"}],"predecessor-version":[{"id":31494,"href":"https:\/\/jornalnovametropole.com.br\/wp\/wp-json\/wp\/v2\/posts\/31492\/revisions\/31494"}],"wp:featuredmedia":[{"embeddable":true,"href":"https:\/\/jornalnovametropole.com.br\/wp\/wp-json\/wp\/v2\/media\/31493"}],"wp:attachment":[{"href":"https:\/\/jornalnovametropole.com.br\/wp\/wp-json\/wp\/v2\/media?parent=31492"}],"wp:term":[{"taxonomy":"category","embeddable":true,"href":"https:\/\/jornalnovametropole.com.br\/wp\/wp-json\/wp\/v2\/categories?post=31492"},{"taxonomy":"post_tag","embeddable":true,"href":"https:\/\/jornalnovametropole.com.br\/wp\/wp-json\/wp\/v2\/tags?post=31492"}],"curies":[{"name":"wp","href":"https:\/\/api.w.org\/{rel}","templated":true}]}}