{"id":31423,"date":"2022-12-02T12:06:15","date_gmt":"2022-12-02T12:06:15","guid":{"rendered":"http:\/\/jornalnovametropole.com.br\/wp\/?p=31423"},"modified":"2022-12-02T12:06:16","modified_gmt":"2022-12-02T12:06:16","slug":"empresa-de-indaiatuba-investe-r-2-milhoes","status":"publish","type":"post","link":"https:\/\/jornalnovametropole.com.br\/wp\/empresa-de-indaiatuba-investe-r-2-milhoes\/","title":{"rendered":"Empresa de Indaiatuba investe R$ 2 milh\u00f5es"},"content":{"rendered":"\n<h2><strong>Alimenta\u00e7\u00e3o<\/strong><\/h2>\n\n\n\n<h2>S\u00e3o melhorias na produ\u00e7\u00e3o e desenvolvimento de mercado at\u00e9 final de 2023<\/h2>\n\n\n\n<p>A Horticeres aposta na alimenta\u00e7\u00e3o saud\u00e1vel para continuar crescendo. A empresa de Indaiatuba investiu mais de dois milh\u00f5es de reais nos \u00faltimos anos em melhorias na produ\u00e7\u00e3o e desenvolvimento de mercado, e ter\u00e1 mais de 20 novos produtos at\u00e9 o final de 2023. A mudan\u00e7a de h\u00e1bitos do consumidor, que busca variedades e alimenta\u00e7\u00e3o saud\u00e1vel de baixa caloria, al\u00e9m do aumento de renda m\u00e9dia das fam\u00edlias, tem impulsionado o crescimento da Horticeres, empresa de Indaiatuba (SP), no mercado de sementes de hortali\u00e7as. Al\u00e9m desses fatores, o crescimento da popula\u00e7\u00e3o e a busca elevada por qualidade e diversidade de produtos s\u00e3o indicativos que os agricultores precisam estar atentos aos consumidores para satisfazer e superar suas expectativas. A mensagem \u00e9 do engenheiro agr\u00f4nomo e diretor executivo Ayrton Tullio Junior, que nos \u00faltimos anos tem revolucionado a gest\u00e3o da empresa.<\/p>\n\n\n\n<p><strong>Mudan\u00e7as<\/strong><br>\u201cA Horticeres tem passado por um momento de profundas transforma\u00e7\u00f5es nos \u00faltimos tr\u00eas anos que culminaram com o aumento expressivo da uma equipe de vendas para suporte \u00e0 proje\u00e7\u00e3o de crescimento nos pr\u00f3ximos cinco anos\u201d, contou Tullio Jr. A meta da empresa \u00e9 dobrar as vendas no per\u00edodo. O diretor explica que a empresa investiu mais de dois milh\u00f5es de reais em melhorias na produ\u00e7\u00e3o, contrata\u00e7\u00e3o de pessoal, treinamento e lan\u00e7amentos de novos produtos.<br><br><strong>Exemplo<\/strong><br>O segmento de sementes de tomate, por exemplo, foi bastante importante, tendo a Horticeres lan\u00e7ado quatro novas cultivares desde 2021 posicionando a empresa como um importante player e participando de todos os segmentos de mercado (salada indeterminado, saladete determinada, saladete indeterminado e grape). Al\u00e9m desses, a empresa lan\u00e7ou esse ano nove produtos e j\u00e1 programou para 2023 mais dez novas cultivares, num total de 22 produtos, que representam um aumento de 13% do portf\u00f3lio, que hoje cont\u00e9m 202 cultivares em todos os segmentos de mercado de hortali\u00e7as.<\/p>\n\n\n\n<p><strong>Resultados<\/strong><br>Todo esse esfor\u00e7o trouxe resultado positivo. \u201cNosso crescimento est\u00e1 em 12%, mesmo sendo um ano dif\u00edcil para o mercado de sementes de hortali\u00e7as\u201d, revela Tullio Jr. \u00c9 nessa hora que vale a pena escutar o consumidor e \u2013 junto com os agricultores \u2013 propor alternativas. \u201cAlface, tomate e cebola continuam sendo os produtos mais consumidos, mas notamos a tend\u00eancia de aumento da diversidade nas hortali\u00e7as consumidas. Produtos desconhecidos do grande p\u00fablico, como por exemplo, o alho por\u00f3, ganharam import\u00e2ncia no mercado nos \u00faltimos anos\u201d, conta. Com o advento do surgimento dos chefes e cozinha gourmet, tem crescido muito a procura por mini-alfaces, Tomate Vero e chegando at\u00e9 sementes para micro verdes, detalha o diretor.<\/p>\n\n\n\n<p><br>Em 2022, a empresa aumentou a equipe de vendas em 133% e, para capacitar esta equipe n\u00e3o apenas em conhecimento t\u00e9cnico de produto, mas do mercado de sementes de hortali\u00e7as como um todo e em ferramentas de gest\u00e3o, realizou o Horticeres Academy \u2013 um programa audacioso de treinamento e capacita\u00e7\u00e3o da equipe que vai continuar at\u00e9 meados de 2023. Outra mudan\u00e7a forte sentida pelo mercado foi o lan\u00e7amento da nova identidade visual da empresa e das campanhas de comunica\u00e7\u00e3o criadas pela ag\u00eancia Mobme, de Campinas. \u201cNossa liga\u00e7\u00e3o com os produtores de HF \u00e9 muito forte e queremos passar uma mensagem de parceria e otimismo para os pr\u00f3ximos meses\u201d, finaliza o diretor da Horticeres.<\/p>\n\n\n\n<p><em>Foto: Divulga\u00e7\u00e3o<\/em><\/p>\n","protected":false},"excerpt":{"rendered":"<p>Alimenta\u00e7\u00e3o S\u00e3o melhorias na produ\u00e7\u00e3o e desenvolvimento de mercado at\u00e9 final de 2023 A Horticeres aposta na alimenta\u00e7\u00e3o saud\u00e1vel para<\/p>\n","protected":false},"author":3,"featured_media":31424,"comment_status":"closed","ping_status":"closed","sticky":false,"template":"","format":"standard","meta":[],"categories":[3],"tags":[1187,576,7613,2681,6412],"_links":{"self":[{"href":"https:\/\/jornalnovametropole.com.br\/wp\/wp-json\/wp\/v2\/posts\/31423"}],"collection":[{"href":"https:\/\/jornalnovametropole.com.br\/wp\/wp-json\/wp\/v2\/posts"}],"about":[{"href":"https:\/\/jornalnovametropole.com.br\/wp\/wp-json\/wp\/v2\/types\/post"}],"author":[{"embeddable":true,"href":"https:\/\/jornalnovametropole.com.br\/wp\/wp-json\/wp\/v2\/users\/3"}],"replies":[{"embeddable":true,"href":"https:\/\/jornalnovametropole.com.br\/wp\/wp-json\/wp\/v2\/comments?post=31423"}],"version-history":[{"count":1,"href":"https:\/\/jornalnovametropole.com.br\/wp\/wp-json\/wp\/v2\/posts\/31423\/revisions"}],"predecessor-version":[{"id":31425,"href":"https:\/\/jornalnovametropole.com.br\/wp\/wp-json\/wp\/v2\/posts\/31423\/revisions\/31425"}],"wp:featuredmedia":[{"embeddable":true,"href":"https:\/\/jornalnovametropole.com.br\/wp\/wp-json\/wp\/v2\/media\/31424"}],"wp:attachment":[{"href":"https:\/\/jornalnovametropole.com.br\/wp\/wp-json\/wp\/v2\/media?parent=31423"}],"wp:term":[{"taxonomy":"category","embeddable":true,"href":"https:\/\/jornalnovametropole.com.br\/wp\/wp-json\/wp\/v2\/categories?post=31423"},{"taxonomy":"post_tag","embeddable":true,"href":"https:\/\/jornalnovametropole.com.br\/wp\/wp-json\/wp\/v2\/tags?post=31423"}],"curies":[{"name":"wp","href":"https:\/\/api.w.org\/{rel}","templated":true}]}}