{"id":31275,"date":"2022-10-14T12:01:23","date_gmt":"2022-10-14T12:01:23","guid":{"rendered":"http:\/\/jornalnovametropole.com.br\/wp\/?p=31275"},"modified":"2022-10-14T12:01:25","modified_gmt":"2022-10-14T12:01:25","slug":"vacina-ate-o-fim-do-mes","status":"publish","type":"post","link":"https:\/\/jornalnovametropole.com.br\/wp\/vacina-ate-o-fim-do-mes\/","title":{"rendered":"Vacina at\u00e9 o fim do m\u00eas"},"content":{"rendered":"\n<h2>Com baixa ades\u00e3o, a campanha anti-p\u00f3lio \u00e9 prorrogada em todo o Brasil<\/h2>\n\n\n\n<p>O Minist\u00e9rio da Sa\u00fade prorrogou mais uma vez a Campanha Nacional de Vacina\u00e7\u00e3o contra Poliomielite e Multivacina\u00e7\u00e3o. Os pais que ainda n\u00e3o imunizaram seus filhos ter\u00e3o at\u00e9 o dia 31 de outubro para leva-los em uma unidade de sa\u00fade e proteg\u00ea-los contra a paralisia infantil e outras doen\u00e7as. A vacina\u00e7\u00e3o contra p\u00f3lio \u00e9 destinada a crian\u00e7as de 1 ano a menores de 5 anos de idade. A prorroga\u00e7\u00e3o \u00e9 necess\u00e1ria devido \u00e0 baixa ades\u00e3o na cobertura vacinal em todo pa\u00eds. Em Indaiatuba, a Secretaria Municipal de Sa\u00fade vacinou 8.992 crian\u00e7as, o que corresponde a 68,3% da popula\u00e7\u00e3o que se encaixa nessa faixa et\u00e1ria.<br><br>A meta do governo federal \u00e9 imunizar 95% das crian\u00e7as de 1 at\u00e9 5 anos contra a poliomielite, mas at\u00e9 agora a m\u00e9dia da cobertura vacinal no pa\u00eds \u00e9 de apenas 52%.<\/p>\n\n\n\n<p><strong>P\u00f3lio<\/strong><br>A Secretaria Municipal de Sa\u00fade avisa que a campanha segue em todas as unidades b\u00e1sicas de sa\u00fade de Indaiatuba, de segunda a sexta-feira, das 7h30 \u00e0s 16h30, exceto feriados. \u00c9 obrigat\u00f3rio que o respons\u00e1vel apresente documento com foto dele, RG ou Certid\u00e3o de Nascimento da crian\u00e7a, al\u00e9m da caderneta de vacina da crian\u00e7a.<br><br>A Poliomielite \u00e9 uma doen\u00e7a contagiosa aguda causada por v\u00edrus que pode infectar crian\u00e7as e adultos e, em casos graves, pode acarretar paralisia nos membros inferiores. A vacina\u00e7\u00e3o \u00e9 a \u00fanica forma de preven\u00e7\u00e3o da doen\u00e7a que foi erradicada no pa\u00eds h\u00e1 mais de 20 anos.<br><br>No Brasil, o \u00faltimo caso de paralisia infantil foi detectado em 1989 e ganhou o certificado de erradica\u00e7\u00e3o em 1994.<br><br>Apesar disso, segundo a Organiza\u00e7\u00e3o Mundial de Sa\u00fade (OMS), o Brasil \u00e9 um pa\u00eds com alto risco do retorno da poliomielite em fun\u00e7\u00e3o das baixas coberturas vacinais. A Campanha de Multivacina\u00e7\u00e3o, que tamb\u00e9m foi prorrogada at\u00e9 31 de outubro, \u00e9 voltada a crian\u00e7as e adolescentes menores de 15 anos de idade, com vacinas em atraso.<\/p>\n\n\n\n<p><em>Foto: Eliando Figueira RIC\/PMI<\/em><\/p>\n","protected":false},"excerpt":{"rendered":"<p>Com baixa ades\u00e3o, a campanha anti-p\u00f3lio \u00e9 prorrogada em todo o Brasil O Minist\u00e9rio da Sa\u00fade prorrogou mais uma vez<\/p>\n","protected":false},"author":3,"featured_media":31276,"comment_status":"closed","ping_status":"closed","sticky":false,"template":"","format":"standard","meta":[],"categories":[3],"tags":[646,7525,891,146],"_links":{"self":[{"href":"https:\/\/jornalnovametropole.com.br\/wp\/wp-json\/wp\/v2\/posts\/31275"}],"collection":[{"href":"https:\/\/jornalnovametropole.com.br\/wp\/wp-json\/wp\/v2\/posts"}],"about":[{"href":"https:\/\/jornalnovametropole.com.br\/wp\/wp-json\/wp\/v2\/types\/post"}],"author":[{"embeddable":true,"href":"https:\/\/jornalnovametropole.com.br\/wp\/wp-json\/wp\/v2\/users\/3"}],"replies":[{"embeddable":true,"href":"https:\/\/jornalnovametropole.com.br\/wp\/wp-json\/wp\/v2\/comments?post=31275"}],"version-history":[{"count":1,"href":"https:\/\/jornalnovametropole.com.br\/wp\/wp-json\/wp\/v2\/posts\/31275\/revisions"}],"predecessor-version":[{"id":31277,"href":"https:\/\/jornalnovametropole.com.br\/wp\/wp-json\/wp\/v2\/posts\/31275\/revisions\/31277"}],"wp:featuredmedia":[{"embeddable":true,"href":"https:\/\/jornalnovametropole.com.br\/wp\/wp-json\/wp\/v2\/media\/31276"}],"wp:attachment":[{"href":"https:\/\/jornalnovametropole.com.br\/wp\/wp-json\/wp\/v2\/media?parent=31275"}],"wp:term":[{"taxonomy":"category","embeddable":true,"href":"https:\/\/jornalnovametropole.com.br\/wp\/wp-json\/wp\/v2\/categories?post=31275"},{"taxonomy":"post_tag","embeddable":true,"href":"https:\/\/jornalnovametropole.com.br\/wp\/wp-json\/wp\/v2\/tags?post=31275"}],"curies":[{"name":"wp","href":"https:\/\/api.w.org\/{rel}","templated":true}]}}