{"id":30762,"date":"2022-08-01T18:37:27","date_gmt":"2022-08-01T18:37:27","guid":{"rendered":"http:\/\/jornalnovametropole.com.br\/wp\/?p=30762"},"modified":"2022-08-01T18:37:29","modified_gmt":"2022-08-01T18:37:29","slug":"morre-empresario-joao-paulo-diniz-filho-de-abilio","status":"publish","type":"post","link":"https:\/\/jornalnovametropole.com.br\/wp\/morre-empresario-joao-paulo-diniz-filho-de-abilio\/","title":{"rendered":"Morre empres\u00e1rio Jo\u00e3o Paulo Diniz, filho de Ab\u00edlio"},"content":{"rendered":"\n<p>Morreu, neste domingo (31), o empres\u00e1rio e esportista brasileiro Jo\u00e3o Paulo Diniz, aos 58 anos. A informa\u00e7\u00e3o foi confirmada pela fam\u00edlia do empres\u00e1rio. A causa da morte ainda n\u00e3o foi divulgada.<\/p>\n\n\n\n<p>\u201cA fam\u00edlia Diniz informa o falecimento de Jo\u00e3o Paulo Diniz. O empres\u00e1rio deixa quatro filhos e esposa. A fam\u00edlia pede que seu luto seja respeitado neste momento dif\u00edcil\u201d, diz o comunicado.<\/p>\n\n\n\n<p>Filho do empres\u00e1rio Ab\u00edlio Diniz, Jo\u00e3o Paulo era fundador da empresa Componente e conselheiro da Pen\u00ednsula Participa\u00e7\u00f5es, empresa de investimentos da fam\u00edlia Diniz, e do Instituto Pen\u00ednsula, organiza\u00e7\u00e3o social da fam\u00edlia que foca em melhorar a qualidade da educa\u00e7\u00e3o brasileira.<\/p>\n\n\n\n<p>Deu in\u00edcio \u00e0 vida profissional como trainee no grupo P\u00e3o de A\u00e7\u00facar, enquanto cursava Administra\u00e7\u00e3o de Empresas na Funda\u00e7\u00e3o Get\u00falio Vargas, em S\u00e3o Paulo. Ap\u00f3s passar por todas as \u00e1reas do grupo, trabalhou por cinco anos no departamento de Planejamento Or\u00e7ament\u00e1rio.<\/p>\n\n\n\n<p>Praticante de diversos esportes, Jo\u00e3o se declarava um \u201cesportista apaixonado\u201d. Era engajado em projetos que promoviam a profissionaliza\u00e7\u00e3o da pr\u00e1tica esportiva, sendo um dos criadores do pacto pelo esporte, iniciativa que une empresas patrocinadoras do esporte nacional na defini\u00e7\u00e3o de governan\u00e7a para patroc\u00ednios \u00e0s entidades esportivas.<\/p>\n\n\n\n<p>O empres\u00e1rio come\u00e7ou a praticar triatlo em 1986 e participou de mais de 20 maratonas desde o in\u00edcio dos anos 1990. A partir de ent\u00e3o, passou a se engajar em diversas iniciativas pelo esporte.<\/p>\n\n\n\n<p>Em uma publica\u00e7\u00e3o nas redes sociais no ano passado, o empres\u00e1rio postou um v\u00eddeo onde prestava uma homenagem a todos os ciclistas.<\/p>\n\n\n\n<p>\u201cHoje \u00e9 o Dia Mundial da Bicicleta, uma das minhas grandes paix\u00f5es no esporte. Al\u00e9m disso, \u00e9 um meio de transporte sustent\u00e1vel e que ajuda nosso planeta. A todos os ciclistas, meus parab\u00e9ns. Somos apaixonados pelas duas rodas com muito orgulho!\u201d, escreveu.<\/p>\n\n\n\n<h2>Acidente a\u00e9reo<\/h2>\n\n\n\n<p>Em 27 de julho de 2001, Jo\u00e3o Paulo sofreu um acidente de helic\u00f3ptero na praia de Maresias, no litoral de S\u00e3o Paulo, que resultou na morte de sua namorada na \u00e9poca, a modelo Fernanda Vogel, e o piloto da aeronave.<\/p>\n\n\n\n<p>O co-piloto Luiz Eduardo e Jo\u00e3o Paulo Diniz sobreviveram \u00e0 queda e nadaram por mais de dois quil\u00f4metros at\u00e9 a praia.<\/p>\n\n\n\n<p><em>Foto: Reprodu\u00e7\u00e3o Facebook<\/em><\/p>\n","protected":false},"excerpt":{"rendered":"<p>Morreu, neste domingo (31), o empres\u00e1rio e esportista brasileiro Jo\u00e3o Paulo Diniz, aos 58 anos. A informa\u00e7\u00e3o foi confirmada pela<\/p>\n","protected":false},"author":3,"featured_media":30763,"comment_status":"closed","ping_status":"closed","sticky":false,"template":"","format":"standard","meta":[],"categories":[3000],"tags":[7289,7288,5588],"_links":{"self":[{"href":"https:\/\/jornalnovametropole.com.br\/wp\/wp-json\/wp\/v2\/posts\/30762"}],"collection":[{"href":"https:\/\/jornalnovametropole.com.br\/wp\/wp-json\/wp\/v2\/posts"}],"about":[{"href":"https:\/\/jornalnovametropole.com.br\/wp\/wp-json\/wp\/v2\/types\/post"}],"author":[{"embeddable":true,"href":"https:\/\/jornalnovametropole.com.br\/wp\/wp-json\/wp\/v2\/users\/3"}],"replies":[{"embeddable":true,"href":"https:\/\/jornalnovametropole.com.br\/wp\/wp-json\/wp\/v2\/comments?post=30762"}],"version-history":[{"count":1,"href":"https:\/\/jornalnovametropole.com.br\/wp\/wp-json\/wp\/v2\/posts\/30762\/revisions"}],"predecessor-version":[{"id":30764,"href":"https:\/\/jornalnovametropole.com.br\/wp\/wp-json\/wp\/v2\/posts\/30762\/revisions\/30764"}],"wp:featuredmedia":[{"embeddable":true,"href":"https:\/\/jornalnovametropole.com.br\/wp\/wp-json\/wp\/v2\/media\/30763"}],"wp:attachment":[{"href":"https:\/\/jornalnovametropole.com.br\/wp\/wp-json\/wp\/v2\/media?parent=30762"}],"wp:term":[{"taxonomy":"category","embeddable":true,"href":"https:\/\/jornalnovametropole.com.br\/wp\/wp-json\/wp\/v2\/categories?post=30762"},{"taxonomy":"post_tag","embeddable":true,"href":"https:\/\/jornalnovametropole.com.br\/wp\/wp-json\/wp\/v2\/tags?post=30762"}],"curies":[{"name":"wp","href":"https:\/\/api.w.org\/{rel}","templated":true}]}}