{"id":30325,"date":"2022-06-10T13:14:01","date_gmt":"2022-06-10T13:14:01","guid":{"rendered":"http:\/\/jornalnovametropole.com.br\/wp\/?p=30325"},"modified":"2022-06-10T13:14:02","modified_gmt":"2022-06-10T13:14:02","slug":"cidade-registra-5-mortes-por-covid-19","status":"publish","type":"post","link":"https:\/\/jornalnovametropole.com.br\/wp\/cidade-registra-5-mortes-por-covid-19\/","title":{"rendered":"Cidade registra 5 mortes por Covid-19"},"content":{"rendered":"\n<h2>Abandono de uso de m\u00e1scaras, pode ser apontado como causa do aumento<\/h2>\n\n\n\n<p>A p\u00f3s v\u00e1rios dias sem mortes, a Secretaria de Sa\u00fade de Indaiatuba confirmou nesta \u00faltima segunda-feira (6) que registrou 5 (cinco) \u00f3bitos com diagn\u00f3stico positivo para covid-19 nos \u00faltimos 7 dias na cidade. Al\u00e9m disso, foram acrescentados durante o per\u00edodo 457 novos casos da doen\u00e7a, 843 exames negativos e mais 1.301 notifica\u00e7\u00f5es suspeitas (hospitais, unidades de sa\u00fade e laborat\u00f3rios particulares).<br><br><strong>\u00d3bitos<\/strong><br>Um homem, de 59 anos, internado desde 28 de maio com a comorbidade: fibrila\u00e7\u00e3o atrial. Uma mulher, de 87 anos, internada desde o dia 26 de maio que sofria de diabetes. Outra mulher, tamb\u00e9m com 87 anos, internada desde o dia 25 de maio, mas sem hist\u00f3rico de comorbidades. Mais uma paciente feminina, de 87 anos, internada desde o dia 3 de junho que apresentava hipertens\u00e3o, diabetes e doen\u00e7a pulmonar obstrutiva cr\u00f4nica. Por fim, um senhor, de 96 anos, internado desde o dia 1\u00ba de junho com hipertens\u00e3o, Alzheimer e diabetes.<br><br>Coincid\u00eancia, ou n\u00e3o, essas mortes foram relatadas ap\u00f3s a realiza\u00e7\u00e3o do Maio Musical na cidade que reuniu milhares de pessoas, em v\u00e1rios locais, fechados e abertos, mas o uso da m\u00e1scara n\u00e3o foi uma constante. Pelo contr\u00e1rio, a utiliza\u00e7\u00e3o do apetrecho praticamente foi abolida.<br><br>Os casos de covid-19 voltaram a subir no Brasil. De acordo com as informa\u00e7\u00f5es do Conselho Nacional de Secret\u00e1rios da Sa\u00fade (Conass), o pa\u00eds est\u00e1 atualmente com uma m\u00e9dia m\u00f3vel de 31 mil novos casos por dia. H\u00e1 pouco mais de um m\u00eas, no final de abril, essa taxa estava em 12 mil.<br><br>O coronav\u00edrus tamb\u00e9m parece estar por tr\u00e1s da maioria das interna\u00e7\u00f5es por S\u00edndrome Respirat\u00f3ria Aguda Grave (SRAG) nos hospitais brasileiros: segundo o Boletim InfoGripe, da Funda\u00e7\u00e3o Oswaldo Cruz (FioCruz), a covid-19 j\u00e1 \u00e9 motivo de 59,6% das hospitaliza\u00e7\u00f5es por infec\u00e7\u00f5es nas vias a\u00e9reas registradas nas \u00faltimas semanas.<\/p>\n\n\n\n<p><strong>A raz\u00e3o<\/strong><br>Entre os motivos que ajudam a explicar essa nova piora, destacam-se o abandono de praticamente todas as medidas preventivas, como o uso de m\u00e1scaras em locais fechados, a chegada de tempos mais frios, a cobertura vacinal insuficiente e uma poss\u00edvel queda na imunidade ap\u00f3s muitos meses da aplica\u00e7\u00e3o das doses.<\/p>\n\n\n\n<p><strong>Medidas<\/strong><br>A vacina contra a covid-19 n\u00e3o impede a infec\u00e7\u00e3o pelo coronav\u00edrus, ainda mais com a circula\u00e7\u00e3o das novas variantes, como a \u00f4micron e suas derivadas. Mas \u00e9 consenso entre os especialistas da \u00e1rea que as doses do imunizante s\u00e3o primordiais para diminuir a gravidade do quadro.<br><br>Com a piora no n\u00famero de casos, a tend\u00eancia \u00e9 que as m\u00e1scaras voltem a ser recomendadas pelas autoridades. No final de maio, por exemplo, o Governo de S\u00e3o Paulo voltou a sugerir o uso desse equipamento de prote\u00e7\u00e3o nas escolas e em locais fechados.<br><br>O ideal, portanto, \u00e9 usar a m\u00e1scara se voc\u00ea for para um lugar em que vai ter contato pr\u00f3ximo e prolongado com outros indiv\u00edduos em locais com pouca ventila\u00e7\u00e3o, como lojas, shoppings, escrit\u00f3rios e transporte p\u00fablico.<br><br>Num cen\u00e1rio com alta transmiss\u00e3o, o risco de ter contato com o coronav\u00edrus aumenta. Portanto, \u00e9 importante ficar atento aos sinais t\u00edpicos da covid-19. Os mais comuns s\u00e3o febre ou calafrios, tosse, dificuldade para respirar, fadiga, dor no corpo, dor de cabe\u00e7a, perda de olfato e paladar, dor de garganta, nariz entupido, n\u00e1usea, v\u00f4mito e diarreia.<br><br>Para ter certeza de que o agente causador do quadro \u00e9 mesmo o coronav\u00edrus, vale fazer um exame. Hoje em dia, \u00e9 poss\u00edvel encontrar nas farm\u00e1cias os testes r\u00e1pidos de ant\u00edgeno, que podem ser feitos em casa.<br><br>Outra op\u00e7\u00e3o s\u00e3o os laborat\u00f3rios de an\u00e1lises cl\u00ednicas, que oferecem n\u00e3o apenas o teste de ant\u00edgeno, mas tamb\u00e9m o RT-PCR, m\u00e9todo que traz resultados ainda mais confi\u00e1veis.<br><br>Se o teste tiver resultado negativo e mesmo assim os sintomas persistirem, vale seguir em isolamento por mais algum tempo at\u00e9 se sentir melhor \u2014 voc\u00ea pode estar com resfriado ou gripe e h\u00e1 o risco de transmitir esses v\u00edrus para contatos pr\u00f3ximos.<br><br>Caso o resultado seja positivo, \u00e9 importante ficar em casa e evitar o contato com outras pessoas na escola, no trabalho e em ocasi\u00f5es sociais por pelo menos cinco dias ou uma semana.<br><br>Se nesse meio tempo os sintomas da covid piorarem, procure o hospital. Se melhorarem, tente repetir o teste (se poss\u00edvel) e confira se houve alguma mudan\u00e7a no resultado.<br><br>O cuidado e o distanciamento devem ser ainda maiores se voc\u00ea tem contato com indiv\u00edduos que possuem alto risco de desenvolver as formas graves da covid, como idosos ou pacientes com o sistema imunol\u00f3gico comprometido.<br><br>Esse auto-isolamento evita a cria\u00e7\u00e3o de novas cadeias de transmiss\u00e3o do coronav\u00edrus na comunidade \u2014 o que, em \u00faltima an\u00e1lise, pode representar um al\u00edvio para a situa\u00e7\u00e3o da covid na sua regi\u00e3o ou at\u00e9 no pa\u00eds inteiro.<\/p>\n\n\n\n<p><em>Fonte:BBC Brasil &amp; Foto: Reuters<\/em><\/p>\n","protected":false},"excerpt":{"rendered":"<p>Abandono de uso de m\u00e1scaras, pode ser apontado como causa do aumento A p\u00f3s v\u00e1rios dias sem mortes, a Secretaria<\/p>\n","protected":false},"author":3,"featured_media":30326,"comment_status":"closed","ping_status":"closed","sticky":false,"template":"","format":"standard","meta":[],"categories":[3,3000,2882],"tags":[6009,7057,228,5579,5580],"_links":{"self":[{"href":"https:\/\/jornalnovametropole.com.br\/wp\/wp-json\/wp\/v2\/posts\/30325"}],"collection":[{"href":"https:\/\/jornalnovametropole.com.br\/wp\/wp-json\/wp\/v2\/posts"}],"about":[{"href":"https:\/\/jornalnovametropole.com.br\/wp\/wp-json\/wp\/v2\/types\/post"}],"author":[{"embeddable":true,"href":"https:\/\/jornalnovametropole.com.br\/wp\/wp-json\/wp\/v2\/users\/3"}],"replies":[{"embeddable":true,"href":"https:\/\/jornalnovametropole.com.br\/wp\/wp-json\/wp\/v2\/comments?post=30325"}],"version-history":[{"count":1,"href":"https:\/\/jornalnovametropole.com.br\/wp\/wp-json\/wp\/v2\/posts\/30325\/revisions"}],"predecessor-version":[{"id":30327,"href":"https:\/\/jornalnovametropole.com.br\/wp\/wp-json\/wp\/v2\/posts\/30325\/revisions\/30327"}],"wp:featuredmedia":[{"embeddable":true,"href":"https:\/\/jornalnovametropole.com.br\/wp\/wp-json\/wp\/v2\/media\/30326"}],"wp:attachment":[{"href":"https:\/\/jornalnovametropole.com.br\/wp\/wp-json\/wp\/v2\/media?parent=30325"}],"wp:term":[{"taxonomy":"category","embeddable":true,"href":"https:\/\/jornalnovametropole.com.br\/wp\/wp-json\/wp\/v2\/categories?post=30325"},{"taxonomy":"post_tag","embeddable":true,"href":"https:\/\/jornalnovametropole.com.br\/wp\/wp-json\/wp\/v2\/tags?post=30325"}],"curies":[{"name":"wp","href":"https:\/\/api.w.org\/{rel}","templated":true}]}}