{"id":29949,"date":"2022-02-25T12:29:35","date_gmt":"2022-02-25T12:29:35","guid":{"rendered":"http:\/\/jornalnovametropole.com.br\/wp\/?p=29949"},"modified":"2022-02-25T12:29:35","modified_gmt":"2022-02-25T12:29:35","slug":"uso-emergencial-contra-covid-19","status":"publish","type":"post","link":"https:\/\/jornalnovametropole.com.br\/wp\/uso-emergencial-contra-covid-19\/","title":{"rendered":"Uso emergencial contra covid-19"},"content":{"rendered":"<p style=\"text-align: center;\"><strong><span style=\"color: #993366;\">\u00a0EVUSHELD<\/span><\/strong><\/p>\n<p style=\"text-align: center;\"><a href=\"http:\/\/jornalnovametropole.com.br\/wp\/wp-content\/uploads\/2022\/02\/3-reproducao.jpg\"><img loading=\"lazy\" class=\"  wp-image-29938 aligncenter\" src=\"http:\/\/jornalnovametropole.com.br\/wp\/wp-content\/uploads\/2022\/02\/3-reproducao.jpg\" alt=\"3 - reproducao\" width=\"681\" height=\"456\" srcset=\"https:\/\/jornalnovametropole.com.br\/wp\/wp-content\/uploads\/2022\/02\/3-reproducao.jpg 1000w, https:\/\/jornalnovametropole.com.br\/wp\/wp-content\/uploads\/2022\/02\/3-reproducao-300x201.jpg 300w\" sizes=\"(max-width: 681px) 100vw, 681px\" \/><\/a><span style=\"font-size: 10pt; color: #999999;\">Anvisa refor\u00e7a que o medicamento n\u00e3o substitui a vacina<\/span><\/p>\n<p style=\"text-align: center;\"><strong><span style=\"font-size: 14pt;\">\u00c9 o s\u00e9timo medicamento autorizado pela Anvisa para tratamento<\/span><\/strong><\/p>\n<p>A ag\u00eancia Nacional de Vigil\u00e2ncia Sanit\u00e1ria (Anvisa) autorizou nesta quinta-feira (24) o uso emergencial de mais um medicamento contra a Covid-19. O Evusheld\u00ae\ufe0f (cilgavimabe + tixagevimabe) \u00e9 o s\u00e9timo medicamento autorizado pela ag\u00eancia e o primeiro com indica\u00e7\u00e3o profil\u00e1tica autorizado no Brasil. A Anvisa refor\u00e7a que o medicamento n\u00e3o substitui a vacina.<\/p>\n<p>Para a avalia\u00e7\u00e3o, a Anvisa considerou que as pessoas imunocomprometidas s\u00e3o mais propensas a ter uma resposta imunol\u00f3gica menor \u00e0 vacina\u00e7\u00e3o contra a Covid-19. Essas pessoas s\u00e3o tamb\u00e9m as mais vulner\u00e1veis a desenvolverem infec\u00e7\u00e3o na forma grave.<\/p>\n<p>O cilgavimabe + tixagevimabe possui aprova\u00e7\u00e3o para uso emergencial pela Ag\u00eancia de Alimentos e Medicamentos dos Estados Unidos (FDA, na sigla em ingl\u00eas), assim como pelas autoridades reguladoras da Fran\u00e7a, Israel, It\u00e1lia, Barein, Egito e Emirados \u00c1rabes Unidos. Ele ainda n\u00e3o foi aprovado pela Ag\u00eancia Europeia de Medicamentos (EMA, na sigla em ingl\u00eas).<br \/>\nO pedido de uso emergencial foi apresentado pela AstraZeneca do Brasil Ltda., no dia 17 de dezembro de 2021.<\/p>\n<p><strong>Indica\u00e7\u00e3o<\/strong><br \/>\nA autoriza\u00e7\u00e3o de uso emergencial do medicamento prev\u00ea a indica\u00e7\u00e3o para profilaxia antes da exposi\u00e7\u00e3o \u00e0 Covid-19.<\/p>\n<p>Indiv\u00edduos adultos e pedi\u00e1tricos (com 12 anos de idade ou mais, pesando pelo menos 40 kg)<br \/>\nPessoas que n\u00e3o tenham tido uma exposi\u00e7\u00e3o recente conhecida a um indiv\u00edduo infectado com SARS-CoV-2 e que possuam comprometimento imunol\u00f3gico moderado a grave devido a uma condi\u00e7\u00e3o m\u00e9dica e\/ou ao recebimento de medicamentos ou tratamentos imunossupressores e que possam n\u00e3o apresentar uma resposta imunol\u00f3gica adequada \u00e0 vacina\u00e7\u00e3o contra a Covid-19<br \/>\nPessoas que n\u00e3o podem tomar a vacina contra a Covid-19, devido a hist\u00f3rico de rea\u00e7\u00e3o adversa grave (por exemplo, rea\u00e7\u00e3o al\u00e9rgica grave) ou alergia a algum componente da vacina contra Covid-19<br \/>\nMedicamento n\u00e3o substitui a vacina contra a Covid-19.<\/p>\n<p>Ele n\u00e3o est\u00e1 autorizado para tratamento de Covid-19 ou profilaxia p\u00f3s-exposi\u00e7\u00e3o em indiv\u00edduos que foram expostos a algu\u00e9m infectado com SARS-CoV-2<br \/>\nQuem tomou a vacina deve esperar duas semanas ap\u00f3s a imuniza\u00e7\u00e3o para usar o medicamento.<\/p>\n<p>\u201cPessoas para os quais a vacina\u00e7\u00e3o \u00e9 indicada devem receber a vacina\u00e7\u00e3o contra Covid-19. Isso inclui as pessoas com comprometimento imunol\u00f3gico moderado a grave, mas que podem se beneficiar da vacina\u00e7\u00e3o contra a Covid-19, segundo avalia\u00e7\u00e3o profissional\u201d, alerta a Anvisa.<\/p>\n<p><span style=\"font-size: 10pt; color: #999999;\">Foto: reprodu\u00e7\u00e3o\/Anvisa<\/span><\/p>\n","protected":false},"excerpt":{"rendered":"<p>\u00a0EVUSHELD Anvisa refor\u00e7a que o medicamento n\u00e3o substitui a vacina \u00c9 o s\u00e9timo medicamento autorizado pela Anvisa para tratamento A<\/p>\n","protected":false},"author":4,"featured_media":29938,"comment_status":"closed","ping_status":"closed","sticky":false,"template":"","format":"standard","meta":[],"categories":[3,16],"tags":[871,5623,6025,6915],"_links":{"self":[{"href":"https:\/\/jornalnovametropole.com.br\/wp\/wp-json\/wp\/v2\/posts\/29949"}],"collection":[{"href":"https:\/\/jornalnovametropole.com.br\/wp\/wp-json\/wp\/v2\/posts"}],"about":[{"href":"https:\/\/jornalnovametropole.com.br\/wp\/wp-json\/wp\/v2\/types\/post"}],"author":[{"embeddable":true,"href":"https:\/\/jornalnovametropole.com.br\/wp\/wp-json\/wp\/v2\/users\/4"}],"replies":[{"embeddable":true,"href":"https:\/\/jornalnovametropole.com.br\/wp\/wp-json\/wp\/v2\/comments?post=29949"}],"version-history":[{"count":1,"href":"https:\/\/jornalnovametropole.com.br\/wp\/wp-json\/wp\/v2\/posts\/29949\/revisions"}],"predecessor-version":[{"id":29950,"href":"https:\/\/jornalnovametropole.com.br\/wp\/wp-json\/wp\/v2\/posts\/29949\/revisions\/29950"}],"wp:featuredmedia":[{"embeddable":true,"href":"https:\/\/jornalnovametropole.com.br\/wp\/wp-json\/wp\/v2\/media\/29938"}],"wp:attachment":[{"href":"https:\/\/jornalnovametropole.com.br\/wp\/wp-json\/wp\/v2\/media?parent=29949"}],"wp:term":[{"taxonomy":"category","embeddable":true,"href":"https:\/\/jornalnovametropole.com.br\/wp\/wp-json\/wp\/v2\/categories?post=29949"},{"taxonomy":"post_tag","embeddable":true,"href":"https:\/\/jornalnovametropole.com.br\/wp\/wp-json\/wp\/v2\/tags?post=29949"}],"curies":[{"name":"wp","href":"https:\/\/api.w.org\/{rel}","templated":true}]}}